{"id":10675,"date":"2023-11-02T15:14:32","date_gmt":"2023-11-02T13:14:32","guid":{"rendered":"https:\/\/www.meet-in-alsace.com\/lespace-137\/"},"modified":"2023-11-29T13:33:49","modified_gmt":"2023-11-29T11:33:49","slug":"lespace-137","status":"publish","type":"post","link":"https:\/\/www.meet-in-alsace.com\/de\/lespace-137\/","title":{"rendered":"L\u2019Espace 137"},"content":{"rendered":"<p><strong>Ein Veranstaltungsort mit Aussicht!<\/strong><\/p>\n<p>Nur 10 Minuten von Colmar entfernt, am Eingang des M\u00fcnstertals, bietet der L&#8217;Espace 137 mit seinem flexibel konfigurierbaren Gro\u00dfen Saal und dem 700 m\u00b2 gro\u00dfen, von Weinbergen umgebenen Garten einen idealen Rahmen f\u00fcr Ihre gesch\u00e4ftlichen Veranstaltungen.<\/p>\n<p><a href=\"https:\/\/espace137.com\/\" rel=\"noopener\" target=\"_blank\">L\u2019Espace 137<\/a> hat sich in der \u00e4ltesten Diskothek Frankreichs \u201eLe Poisson Rouge\u201c eingerichtet, die 54 Jahre lang Generationen zum Tanzen brachte. Die R\u00e4umlichkeiten wurden vollst\u00e4ndig renoviert und sind f\u00fcr alle Arten von beruflichen und privaten Veranstaltungen geeignet: Seminare, Workshops, Kongresse, Kolloquien, Pressekonferenzen\u00a0\u2026 Der klimatisierte Gro\u00dfe Saal kann den Bed\u00fcrfnissen jeder Veranstaltung angepasst werden und bietet Platz f\u00fcr bis zu 300 Personen. <\/p>\n<p><strong>Im Herzen des els\u00e4ssischen Weinbaugebiets<\/strong><br \/>\nAusgestattet mit einem Videoprojektor, einer Leinwand, hochwertiger Ton- und Beleuchtungstechnik sowie High-Speed-WLAN punktet der 300 m\u00b2 Gro\u00dfe Saal mit einem atemberaubenden Blick auf die Weinberge und die Burg Hohlandsberg.<br \/>\nIm Au\u00dfenbereich bietet der 700 m\u00b2 gro\u00dfe angelegte Garten Platz f\u00fcr bis zu 400 G\u00e4ste in einer wundersch\u00f6nen Kulisse, die im Herzen der els\u00e4ssischen Weinberge zu Geselligkeit einl\u00e4dt. Abgeschirmt von akustischen und visuellen Beeintr\u00e4chtigungen verf\u00fcgt diese gr\u00fcne Oase \u00fcber eine Bar und Bereiche f\u00fcr geselliges Beisammensein, und das nur einen Steinwurf vom Stadtzentrum von Colmar entfernt. <\/p>\n<p>Pierre Ostermann, der Gesch\u00e4ftsf\u00fchrer und Enkel des Gr\u00fcnders des Le Poisson Rouge, steht Ihnen mit seinem Team zur Verf\u00fcgung, um die In &#038; Out-R\u00e4ume auf Ihre Bed\u00fcrfnisse und Ihr Budget abzustimmen; mit der M\u00f6glichkeit einen Cateringservice zu engagieren.<br \/>\nDer L&#8217;Espace 137 liegt 10 Minuten vom Bahnhof Colmar und 14 Minuten vom <a href=\"https:\/\/www.colmar.aeroport.fr\/de\/72-kategorien-in-deutsch\/home\/185-flughafen-von-colmar\" rel=\"noopener\" target=\"_blank\">Flughafen Colmar-Houssen<\/a> entfernt. <\/p>\n<p><strong>F\u00fcr weitere Informationen:<br \/>\nColmar Convention Bureau, Place Unterlinden, Colmar<\/strong><br \/>\n<strong>Tel. : +33 (0)3 89 20 69 11<br \/>\n<a href=\"mailto:cthomann@tourisme-colmar.com\">cthomann@tourisme-colmar.com<\/a><\/strong><\/p>\n<p><img decoding=\"async\" class=\"alignnone size-full wp-image-10292\" src=\"https:\/\/www.meet-in-alsace.com\/wp-content\/uploads\/2023\/11\/Esapce-137-2.jpg\" alt=\"\" width=\"1000\" height=\"666\" \/><\/p>\n","protected":false},"excerpt":{"rendered":"<p>Ein Veranstaltungsort mit Aussicht! Nur 10 Minuten von Colmar entfernt, am Eingang des M\u00fcnstertals, bietet der L&#8217;Espace 137 mit seinem<\/p>\n<div class=\"view-full-post\"><a href=\"https:\/\/www.meet-in-alsace.com\/de\/lespace-137\/\" class=\"more-link\">+<\/a><\/div>\n","protected":false},"author":15,"featured_media":10291,"comment_status":"closed","ping_status":"closed","sticky":false,"template":"","format":"standard","meta":{"_et_pb_use_builder":"","_et_pb_old_content":"","_et_gb_content_width":"","inline_featured_image":false,"footnotes":""},"categories":[96],"tags":[],"class_list":["post-10675","post","type-post","status-publish","format-standard","has-post-thumbnail","hentry","category-colmar-de"],"yoast_head":"<!-- This site is optimized with the Yoast SEO plugin v27.5 - https:\/\/yoast.com\/product\/yoast-seo-wordpress\/ -->\n<title>L\u2019Espace 137 - Meet in Alsace<\/title>\n<meta name=\"robots\" content=\"index, follow, max-snippet:-1, max-image-preview:large, max-video-preview:-1\" \/>\n<link rel=\"canonical\" href=\"https:\/\/www.meet-in-alsace.com\/de\/lespace-137\/\" \/>\n<meta property=\"og:locale\" content=\"de_DE\" \/>\n<meta property=\"og:type\" content=\"article\" \/>\n<meta property=\"og:title\" content=\"L\u2019Espace 137 - Meet in Alsace\" \/>\n<meta property=\"og:description\" content=\"Ein Veranstaltungsort mit Aussicht! Nur 10 Minuten von Colmar entfernt, am Eingang des M\u00fcnstertals, bietet der L&#8217;Espace 137 mit seinem+\" \/>\n<meta property=\"og:url\" content=\"https:\/\/www.meet-in-alsace.com\/de\/lespace-137\/\" \/>\n<meta property=\"og:site_name\" content=\"Meet in Alsace\" \/>\n<meta property=\"article:publisher\" content=\"https:\/\/www.facebook.com\/MeetinAlsace\/\" \/>\n<meta property=\"article:published_time\" content=\"2023-11-02T13:14:32+00:00\" \/>\n<meta property=\"article:modified_time\" content=\"2023-11-29T11:33:49+00:00\" \/>\n<meta property=\"og:image\" content=\"https:\/\/www.meet-in-alsace.com\/wp-content\/uploads\/2023\/11\/Esapce-137-1.jpg\" \/>\n\t<meta property=\"og:image:width\" content=\"1000\" \/>\n\t<meta property=\"og:image:height\" content=\"600\" \/>\n\t<meta property=\"og:image:type\" content=\"image\/jpeg\" \/>\n<meta name=\"author\" content=\"Isabelle Mainier\" \/>\n<meta name=\"twitter:label1\" content=\"Verfasst von\" \/>\n\t<meta name=\"twitter:data1\" content=\"Isabelle Mainier\" \/>\n\t<meta name=\"twitter:label2\" content=\"Gesch\u00e4tzte Lesezeit\" \/>\n\t<meta name=\"twitter:data2\" content=\"2\u00a0Minuten\" \/>\n<script type=\"application\/ld+json\" class=\"yoast-schema-graph\">{\"@context\":\"https:\\\/\\\/schema.org\",\"@graph\":[{\"@type\":\"Article\",\"@id\":\"https:\\\/\\\/www.meet-in-alsace.com\\\/de\\\/lespace-137\\\/#article\",\"isPartOf\":{\"@id\":\"https:\\\/\\\/www.meet-in-alsace.com\\\/de\\\/lespace-137\\\/\"},\"author\":{\"name\":\"Isabelle Mainier\",\"@id\":\"https:\\\/\\\/www.meet-in-alsace.com\\\/de\\\/#\\\/schema\\\/person\\\/0370b36f67344792337077f90f78874f\"},\"headline\":\"L\u2019Espace 137\",\"datePublished\":\"2023-11-02T13:14:32+00:00\",\"dateModified\":\"2023-11-29T11:33:49+00:00\",\"mainEntityOfPage\":{\"@id\":\"https:\\\/\\\/www.meet-in-alsace.com\\\/de\\\/lespace-137\\\/\"},\"wordCount\":282,\"publisher\":{\"@id\":\"https:\\\/\\\/www.meet-in-alsace.com\\\/de\\\/#organization\"},\"image\":{\"@id\":\"https:\\\/\\\/www.meet-in-alsace.com\\\/de\\\/lespace-137\\\/#primaryimage\"},\"thumbnailUrl\":\"https:\\\/\\\/www.meet-in-alsace.com\\\/wp-content\\\/uploads\\\/2023\\\/11\\\/Esapce-137-1.jpg\",\"articleSection\":[\"Colmar\"],\"inLanguage\":\"de\"},{\"@type\":\"WebPage\",\"@id\":\"https:\\\/\\\/www.meet-in-alsace.com\\\/de\\\/lespace-137\\\/\",\"url\":\"https:\\\/\\\/www.meet-in-alsace.com\\\/de\\\/lespace-137\\\/\",\"name\":\"L\u2019Espace 137 - Meet in Alsace\",\"isPartOf\":{\"@id\":\"https:\\\/\\\/www.meet-in-alsace.com\\\/de\\\/#website\"},\"primaryImageOfPage\":{\"@id\":\"https:\\\/\\\/www.meet-in-alsace.com\\\/de\\\/lespace-137\\\/#primaryimage\"},\"image\":{\"@id\":\"https:\\\/\\\/www.meet-in-alsace.com\\\/de\\\/lespace-137\\\/#primaryimage\"},\"thumbnailUrl\":\"https:\\\/\\\/www.meet-in-alsace.com\\\/wp-content\\\/uploads\\\/2023\\\/11\\\/Esapce-137-1.jpg\",\"datePublished\":\"2023-11-02T13:14:32+00:00\",\"dateModified\":\"2023-11-29T11:33:49+00:00\",\"breadcrumb\":{\"@id\":\"https:\\\/\\\/www.meet-in-alsace.com\\\/de\\\/lespace-137\\\/#breadcrumb\"},\"inLanguage\":\"de\",\"potentialAction\":[{\"@type\":\"ReadAction\",\"target\":[\"https:\\\/\\\/www.meet-in-alsace.com\\\/de\\\/lespace-137\\\/\"]}]},{\"@type\":\"ImageObject\",\"inLanguage\":\"de\",\"@id\":\"https:\\\/\\\/www.meet-in-alsace.com\\\/de\\\/lespace-137\\\/#primaryimage\",\"url\":\"https:\\\/\\\/www.meet-in-alsace.com\\\/wp-content\\\/uploads\\\/2023\\\/11\\\/Esapce-137-1.jpg\",\"contentUrl\":\"https:\\\/\\\/www.meet-in-alsace.com\\\/wp-content\\\/uploads\\\/2023\\\/11\\\/Esapce-137-1.jpg\",\"width\":1000,\"height\":600},{\"@type\":\"BreadcrumbList\",\"@id\":\"https:\\\/\\\/www.meet-in-alsace.com\\\/de\\\/lespace-137\\\/#breadcrumb\",\"itemListElement\":[{\"@type\":\"ListItem\",\"position\":1,\"name\":\"Meet In Alsace\",\"item\":\"https:\\\/\\\/www.meet-in-alsace.com\\\/de\\\/\"},{\"@type\":\"ListItem\",\"position\":2,\"name\":\"L\u2019Espace 137\"}]},{\"@type\":\"WebSite\",\"@id\":\"https:\\\/\\\/www.meet-in-alsace.com\\\/de\\\/#website\",\"url\":\"https:\\\/\\\/www.meet-in-alsace.com\\\/de\\\/\",\"name\":\"Meet in Alsace\",\"description\":\"Ihr n\u00e4chstes Ziel f\u00fcr Kongress und Seminar\\r\\n\",\"publisher\":{\"@id\":\"https:\\\/\\\/www.meet-in-alsace.com\\\/de\\\/#organization\"},\"potentialAction\":[{\"@type\":\"SearchAction\",\"target\":{\"@type\":\"EntryPoint\",\"urlTemplate\":\"https:\\\/\\\/www.meet-in-alsace.com\\\/de\\\/?s={search_term_string}\"},\"query-input\":{\"@type\":\"PropertyValueSpecification\",\"valueRequired\":true,\"valueName\":\"search_term_string\"}}],\"inLanguage\":\"de\"},{\"@type\":\"Organization\",\"@id\":\"https:\\\/\\\/www.meet-in-alsace.com\\\/de\\\/#organization\",\"name\":\"Meet in Alsace\",\"url\":\"https:\\\/\\\/www.meet-in-alsace.com\\\/de\\\/\",\"logo\":{\"@type\":\"ImageObject\",\"inLanguage\":\"de\",\"@id\":\"https:\\\/\\\/www.meet-in-alsace.com\\\/de\\\/#\\\/schema\\\/logo\\\/image\\\/\",\"url\":\"https:\\\/\\\/www.meet-in-alsace.com\\\/wp-content\\\/uploads\\\/2016\\\/09\\\/meet-in-alsace.png\",\"contentUrl\":\"https:\\\/\\\/www.meet-in-alsace.com\\\/wp-content\\\/uploads\\\/2016\\\/09\\\/meet-in-alsace.png\",\"width\":303,\"height\":256,\"caption\":\"Meet in Alsace\"},\"image\":{\"@id\":\"https:\\\/\\\/www.meet-in-alsace.com\\\/de\\\/#\\\/schema\\\/logo\\\/image\\\/\"},\"sameAs\":[\"https:\\\/\\\/www.facebook.com\\\/MeetinAlsace\\\/\",\"https:\\\/\\\/x.com\\\/MeetinAlsace\",\"https:\\\/\\\/www.linkedin.com\\\/company\\\/meet-in-alsace\"]},{\"@type\":\"Person\",\"@id\":\"https:\\\/\\\/www.meet-in-alsace.com\\\/de\\\/#\\\/schema\\\/person\\\/0370b36f67344792337077f90f78874f\",\"name\":\"Isabelle Mainier\",\"image\":{\"@type\":\"ImageObject\",\"inLanguage\":\"de\",\"@id\":\"https:\\\/\\\/secure.gravatar.com\\\/avatar\\\/90052828b228a313110d219ccd0dad25088c636cbe31f34341236fc2786f1143?s=96&d=mm&r=g\",\"url\":\"https:\\\/\\\/secure.gravatar.com\\\/avatar\\\/90052828b228a313110d219ccd0dad25088c636cbe31f34341236fc2786f1143?s=96&d=mm&r=g\",\"contentUrl\":\"https:\\\/\\\/secure.gravatar.com\\\/avatar\\\/90052828b228a313110d219ccd0dad25088c636cbe31f34341236fc2786f1143?s=96&d=mm&r=g\",\"caption\":\"Isabelle Mainier\"},\"url\":\"https:\\\/\\\/www.meet-in-alsace.com\\\/de\\\/author\\\/admin-iza\\\/\"}]}<\/script>\n<!-- \/ Yoast SEO plugin. -->","yoast_head_json":{"title":"L\u2019Espace 137 - Meet in Alsace","robots":{"index":"index","follow":"follow","max-snippet":"max-snippet:-1","max-image-preview":"max-image-preview:large","max-video-preview":"max-video-preview:-1"},"canonical":"https:\/\/www.meet-in-alsace.com\/de\/lespace-137\/","og_locale":"de_DE","og_type":"article","og_title":"L\u2019Espace 137 - Meet in Alsace","og_description":"Ein Veranstaltungsort mit Aussicht! Nur 10 Minuten von Colmar entfernt, am Eingang des M\u00fcnstertals, bietet der L&#8217;Espace 137 mit seinem+","og_url":"https:\/\/www.meet-in-alsace.com\/de\/lespace-137\/","og_site_name":"Meet in Alsace","article_publisher":"https:\/\/www.facebook.com\/MeetinAlsace\/","article_published_time":"2023-11-02T13:14:32+00:00","article_modified_time":"2023-11-29T11:33:49+00:00","og_image":[{"width":1000,"height":600,"url":"https:\/\/www.meet-in-alsace.com\/wp-content\/uploads\/2023\/11\/Esapce-137-1.jpg","type":"image\/jpeg"}],"author":"Isabelle Mainier","twitter_misc":{"Verfasst von":"Isabelle Mainier","Gesch\u00e4tzte Lesezeit":"2\u00a0Minuten"},"schema":{"@context":"https:\/\/schema.org","@graph":[{"@type":"Article","@id":"https:\/\/www.meet-in-alsace.com\/de\/lespace-137\/#article","isPartOf":{"@id":"https:\/\/www.meet-in-alsace.com\/de\/lespace-137\/"},"author":{"name":"Isabelle Mainier","@id":"https:\/\/www.meet-in-alsace.com\/de\/#\/schema\/person\/0370b36f67344792337077f90f78874f"},"headline":"L\u2019Espace 137","datePublished":"2023-11-02T13:14:32+00:00","dateModified":"2023-11-29T11:33:49+00:00","mainEntityOfPage":{"@id":"https:\/\/www.meet-in-alsace.com\/de\/lespace-137\/"},"wordCount":282,"publisher":{"@id":"https:\/\/www.meet-in-alsace.com\/de\/#organization"},"image":{"@id":"https:\/\/www.meet-in-alsace.com\/de\/lespace-137\/#primaryimage"},"thumbnailUrl":"https:\/\/www.meet-in-alsace.com\/wp-content\/uploads\/2023\/11\/Esapce-137-1.jpg","articleSection":["Colmar"],"inLanguage":"de"},{"@type":"WebPage","@id":"https:\/\/www.meet-in-alsace.com\/de\/lespace-137\/","url":"https:\/\/www.meet-in-alsace.com\/de\/lespace-137\/","name":"L\u2019Espace 137 - Meet in Alsace","isPartOf":{"@id":"https:\/\/www.meet-in-alsace.com\/de\/#website"},"primaryImageOfPage":{"@id":"https:\/\/www.meet-in-alsace.com\/de\/lespace-137\/#primaryimage"},"image":{"@id":"https:\/\/www.meet-in-alsace.com\/de\/lespace-137\/#primaryimage"},"thumbnailUrl":"https:\/\/www.meet-in-alsace.com\/wp-content\/uploads\/2023\/11\/Esapce-137-1.jpg","datePublished":"2023-11-02T13:14:32+00:00","dateModified":"2023-11-29T11:33:49+00:00","breadcrumb":{"@id":"https:\/\/www.meet-in-alsace.com\/de\/lespace-137\/#breadcrumb"},"inLanguage":"de","potentialAction":[{"@type":"ReadAction","target":["https:\/\/www.meet-in-alsace.com\/de\/lespace-137\/"]}]},{"@type":"ImageObject","inLanguage":"de","@id":"https:\/\/www.meet-in-alsace.com\/de\/lespace-137\/#primaryimage","url":"https:\/\/www.meet-in-alsace.com\/wp-content\/uploads\/2023\/11\/Esapce-137-1.jpg","contentUrl":"https:\/\/www.meet-in-alsace.com\/wp-content\/uploads\/2023\/11\/Esapce-137-1.jpg","width":1000,"height":600},{"@type":"BreadcrumbList","@id":"https:\/\/www.meet-in-alsace.com\/de\/lespace-137\/#breadcrumb","itemListElement":[{"@type":"ListItem","position":1,"name":"Meet In Alsace","item":"https:\/\/www.meet-in-alsace.com\/de\/"},{"@type":"ListItem","position":2,"name":"L\u2019Espace 137"}]},{"@type":"WebSite","@id":"https:\/\/www.meet-in-alsace.com\/de\/#website","url":"https:\/\/www.meet-in-alsace.com\/de\/","name":"Meet in Alsace","description":"Ihr n\u00e4chstes Ziel f\u00fcr Kongress und Seminar\r\n","publisher":{"@id":"https:\/\/www.meet-in-alsace.com\/de\/#organization"},"potentialAction":[{"@type":"SearchAction","target":{"@type":"EntryPoint","urlTemplate":"https:\/\/www.meet-in-alsace.com\/de\/?s={search_term_string}"},"query-input":{"@type":"PropertyValueSpecification","valueRequired":true,"valueName":"search_term_string"}}],"inLanguage":"de"},{"@type":"Organization","@id":"https:\/\/www.meet-in-alsace.com\/de\/#organization","name":"Meet in Alsace","url":"https:\/\/www.meet-in-alsace.com\/de\/","logo":{"@type":"ImageObject","inLanguage":"de","@id":"https:\/\/www.meet-in-alsace.com\/de\/#\/schema\/logo\/image\/","url":"https:\/\/www.meet-in-alsace.com\/wp-content\/uploads\/2016\/09\/meet-in-alsace.png","contentUrl":"https:\/\/www.meet-in-alsace.com\/wp-content\/uploads\/2016\/09\/meet-in-alsace.png","width":303,"height":256,"caption":"Meet in Alsace"},"image":{"@id":"https:\/\/www.meet-in-alsace.com\/de\/#\/schema\/logo\/image\/"},"sameAs":["https:\/\/www.facebook.com\/MeetinAlsace\/","https:\/\/x.com\/MeetinAlsace","https:\/\/www.linkedin.com\/company\/meet-in-alsace"]},{"@type":"Person","@id":"https:\/\/www.meet-in-alsace.com\/de\/#\/schema\/person\/0370b36f67344792337077f90f78874f","name":"Isabelle Mainier","image":{"@type":"ImageObject","inLanguage":"de","@id":"https:\/\/secure.gravatar.com\/avatar\/90052828b228a313110d219ccd0dad25088c636cbe31f34341236fc2786f1143?s=96&d=mm&r=g","url":"https:\/\/secure.gravatar.com\/avatar\/90052828b228a313110d219ccd0dad25088c636cbe31f34341236fc2786f1143?s=96&d=mm&r=g","contentUrl":"https:\/\/secure.gravatar.com\/avatar\/90052828b228a313110d219ccd0dad25088c636cbe31f34341236fc2786f1143?s=96&d=mm&r=g","caption":"Isabelle Mainier"},"url":"https:\/\/www.meet-in-alsace.com\/de\/author\/admin-iza\/"}]}},"_links":{"self":[{"href":"https:\/\/www.meet-in-alsace.com\/de\/wp-json\/wp\/v2\/posts\/10675","targetHints":{"allow":["GET"]}}],"collection":[{"href":"https:\/\/www.meet-in-alsace.com\/de\/wp-json\/wp\/v2\/posts"}],"about":[{"href":"https:\/\/www.meet-in-alsace.com\/de\/wp-json\/wp\/v2\/types\/post"}],"author":[{"embeddable":true,"href":"https:\/\/www.meet-in-alsace.com\/de\/wp-json\/wp\/v2\/users\/15"}],"replies":[{"embeddable":true,"href":"https:\/\/www.meet-in-alsace.com\/de\/wp-json\/wp\/v2\/comments?post=10675"}],"version-history":[{"count":0,"href":"https:\/\/www.meet-in-alsace.com\/de\/wp-json\/wp\/v2\/posts\/10675\/revisions"}],"wp:featuredmedia":[{"embeddable":true,"href":"https:\/\/www.meet-in-alsace.com\/de\/wp-json\/wp\/v2\/media\/10291"}],"wp:attachment":[{"href":"https:\/\/www.meet-in-alsace.com\/de\/wp-json\/wp\/v2\/media?parent=10675"}],"wp:term":[{"taxonomy":"category","embeddable":true,"href":"https:\/\/www.meet-in-alsace.com\/de\/wp-json\/wp\/v2\/categories?post=10675"},{"taxonomy":"post_tag","embeddable":true,"href":"https:\/\/www.meet-in-alsace.com\/de\/wp-json\/wp\/v2\/tags?post=10675"}],"curies":[{"name":"wp","href":"https:\/\/api.w.org\/{rel}","templated":true}]}}