{"id":10687,"date":"2023-10-02T13:02:25","date_gmt":"2023-10-02T11:02:25","guid":{"rendered":"https:\/\/www.meet-in-alsace.com\/des-scientifiques-de-renommee-internationale-a-strasbourg-pour-le-congres-franco-allemand-dimmunologie\/"},"modified":"2023-11-29T13:49:31","modified_gmt":"2023-11-29T11:49:31","slug":"des-scientifiques-de-renommee-internationale-a-strasbourg-pour-le-congres-franco-allemand-dimmunologie","status":"publish","type":"post","link":"https:\/\/www.meet-in-alsace.com\/de\/des-scientifiques-de-renommee-internationale-a-strasbourg-pour-le-congres-franco-allemand-dimmunologie\/","title":{"rendered":"International renommierte Wissenschaftler in Stra\u00dfburg beim deutsch-franz\u00f6sischen Kongress f\u00fcr Immunologie"},"content":{"rendered":"<p><strong>Es war uns eine Ehre, Gastgeber der gemeinsamen Konferenz der Soci\u00e9t\u00e9 Fran\u00e7aise d\u2019Immunologie (SFI) und der Deutschen Gesellschaft f\u00fcr Immunologie (DGfI) sein zu d\u00fcrfen, die vom 26. bis 29. September 2023 im Palais de Congr\u00e8s in Stra\u00dfburg stattfand. <\/strong>\u00a0<\/p>\n<p><strong>Ziel: die wichtigsten Interessen der Immunologie-Gruppen in Stra\u00dfburg, Freiburg und Basel hervorzuheben. <\/strong><br \/>\nMehr als 4 000 Mitglieder der Franz\u00f6sischen Gesellschaft f\u00fcr Immunologie <a href=\"https:\/\/immunology.fr\/en\/\" rel=\"noopener\" target=\"_blank\">Soci\u00e9t\u00e9 Fran\u00e7aise d&#8217;Immunologie (SFI)<\/a> und der <a href=\"https:\/\/dgfi.org\/\" rel=\"noopener\" target=\"_blank\">Deutschen Gesellschaft f\u00fcr Immunologie (DGfI)<\/a> nahmen an diesen Sitzungen teil sowie \u00fcber tausend G\u00e4ste, darunter Wissenschaftler aus der Grundlagen- und translationalen Forschung, ebenso wie deutsche und franz\u00f6sische Kliniker.<\/p>\n<p>Die Konferenz, die im <strong>Kongresspalast von Stra\u00dfburg<\/strong> stattfand, diente als Inkubator f\u00fcr neue Ideen und den Austausch mit Wissenschaftlern von internationalem Ruf wie Diane Mathis, die heute in den USA lebt, aber ihre Karriere in <a href=\"https:\/\/www.igbmc.fr\/en\/\" rel=\"noopener\" target=\"_blank\">Stra\u00dfburg<\/a> an der Seite von <a href=\"https:\/\/www.usias.fr\/en\/chairs\/pierre-chambon\/\" rel=\"noopener\" target=\"_blank\">Pierre Chambon<\/a> begann, Christopher Buckley (Gro\u00dfbritannien), Chenqi Xu (China) und S\u00e9bastian Amigorena (Frankreich).<br \/>\n<strong><br \/>\nSchwerpunkt der Tagung: Tumorimmunologie<\/strong>.<br \/>\nDurch Pr\u00e4sentationsworkshops wollte der Kongress auch die neue Generation von Forschern f\u00f6rdern. Ein besonderes Augenmerk galt dem European Federation of Immunological Societies (EFIS) sowie den Jungen Immunologen, ebenso wie der Entwicklung und klinischen Forschung. Auch Vertreter der Industrie wurden eingeladen, um die wissenschaftlichen und technologischen Auswirkungen der Forschung und der Fortschritte zu verst\u00e4rken. <\/p>\n<p style=\"text-align: center;\"><img decoding=\"async\" class=\"alignnone size-full wp-image-10258\" src=\"https:\/\/www.meet-in-alsace.com\/wp-content\/uploads\/2023\/11\/SFI-2023.jpg\" alt=\"\" width=\"800\" height=\"253\" \/><\/p>\n","protected":false},"excerpt":{"rendered":"<p>Es war uns eine Ehre, Gastgeber der gemeinsamen Konferenz der Soci\u00e9t\u00e9 Fran\u00e7aise d\u2019Immunologie (SFI) und der Deutschen Gesellschaft f\u00fcr Immunologie<\/p>\n<div class=\"view-full-post\"><a href=\"https:\/\/www.meet-in-alsace.com\/de\/des-scientifiques-de-renommee-internationale-a-strasbourg-pour-le-congres-franco-allemand-dimmunologie\/\" class=\"more-link\">+<\/a><\/div>\n","protected":false},"author":15,"featured_media":10267,"comment_status":"closed","ping_status":"closed","sticky":false,"template":"","format":"standard","meta":{"_et_pb_use_builder":"","_et_pb_old_content":"","_et_gb_content_width":"","inline_featured_image":false,"footnotes":""},"categories":[101],"tags":[],"class_list":["post-10687","post","type-post","status-publish","format-standard","has-post-thumbnail","hentry","category-strasbourg-de"],"yoast_head":"<!-- This site is optimized with the Yoast SEO plugin v27.4 - https:\/\/yoast.com\/product\/yoast-seo-wordpress\/ -->\n<title>International renommierte Wissenschaftler in Stra\u00dfburg beim deutsch-franz\u00f6sischen Kongress f\u00fcr Immunologie - Meet in Alsace<\/title>\n<meta name=\"robots\" content=\"index, follow, max-snippet:-1, max-image-preview:large, max-video-preview:-1\" \/>\n<link rel=\"canonical\" href=\"https:\/\/www.meet-in-alsace.com\/de\/des-scientifiques-de-renommee-internationale-a-strasbourg-pour-le-congres-franco-allemand-dimmunologie\/\" \/>\n<meta property=\"og:locale\" content=\"de_DE\" \/>\n<meta property=\"og:type\" content=\"article\" \/>\n<meta property=\"og:title\" content=\"International renommierte Wissenschaftler in Stra\u00dfburg beim deutsch-franz\u00f6sischen Kongress f\u00fcr Immunologie - Meet in Alsace\" \/>\n<meta property=\"og:description\" content=\"Es war uns eine Ehre, Gastgeber der gemeinsamen Konferenz der Soci\u00e9t\u00e9 Fran\u00e7aise d\u2019Immunologie (SFI) und der Deutschen Gesellschaft f\u00fcr Immunologie+\" \/>\n<meta property=\"og:url\" content=\"https:\/\/www.meet-in-alsace.com\/de\/des-scientifiques-de-renommee-internationale-a-strasbourg-pour-le-congres-franco-allemand-dimmunologie\/\" \/>\n<meta property=\"og:site_name\" content=\"Meet in Alsace\" \/>\n<meta property=\"article:publisher\" content=\"https:\/\/www.facebook.com\/MeetinAlsace\/\" \/>\n<meta property=\"article:published_time\" content=\"2023-10-02T11:02:25+00:00\" \/>\n<meta property=\"article:modified_time\" content=\"2023-11-29T11:49:31+00:00\" \/>\n<meta property=\"og:image\" content=\"https:\/\/www.meet-in-alsace.com\/wp-content\/uploads\/2023\/11\/Strasbourg-SFI-palais-congres-1.jpg\" \/>\n\t<meta property=\"og:image:width\" content=\"1000\" \/>\n\t<meta property=\"og:image:height\" content=\"600\" \/>\n\t<meta property=\"og:image:type\" content=\"image\/jpeg\" \/>\n<meta name=\"author\" content=\"Isabelle Mainier\" \/>\n<meta name=\"twitter:label1\" content=\"Verfasst von\" \/>\n\t<meta name=\"twitter:data1\" content=\"Isabelle Mainier\" \/>\n\t<meta name=\"twitter:label2\" content=\"Gesch\u00e4tzte Lesezeit\" \/>\n\t<meta name=\"twitter:data2\" content=\"2\u00a0Minuten\" \/>\n<script type=\"application\/ld+json\" class=\"yoast-schema-graph\">{\"@context\":\"https:\\\/\\\/schema.org\",\"@graph\":[{\"@type\":\"Article\",\"@id\":\"https:\\\/\\\/www.meet-in-alsace.com\\\/de\\\/des-scientifiques-de-renommee-internationale-a-strasbourg-pour-le-congres-franco-allemand-dimmunologie\\\/#article\",\"isPartOf\":{\"@id\":\"https:\\\/\\\/www.meet-in-alsace.com\\\/de\\\/des-scientifiques-de-renommee-internationale-a-strasbourg-pour-le-congres-franco-allemand-dimmunologie\\\/\"},\"author\":{\"name\":\"Isabelle Mainier\",\"@id\":\"https:\\\/\\\/www.meet-in-alsace.com\\\/de\\\/#\\\/schema\\\/person\\\/0370b36f67344792337077f90f78874f\"},\"headline\":\"International renommierte Wissenschaftler in Stra\u00dfburg beim deutsch-franz\u00f6sischen Kongress f\u00fcr Immunologie\",\"datePublished\":\"2023-10-02T11:02:25+00:00\",\"dateModified\":\"2023-11-29T11:49:31+00:00\",\"mainEntityOfPage\":{\"@id\":\"https:\\\/\\\/www.meet-in-alsace.com\\\/de\\\/des-scientifiques-de-renommee-internationale-a-strasbourg-pour-le-congres-franco-allemand-dimmunologie\\\/\"},\"wordCount\":236,\"publisher\":{\"@id\":\"https:\\\/\\\/www.meet-in-alsace.com\\\/de\\\/#organization\"},\"image\":{\"@id\":\"https:\\\/\\\/www.meet-in-alsace.com\\\/de\\\/des-scientifiques-de-renommee-internationale-a-strasbourg-pour-le-congres-franco-allemand-dimmunologie\\\/#primaryimage\"},\"thumbnailUrl\":\"https:\\\/\\\/www.meet-in-alsace.com\\\/wp-content\\\/uploads\\\/2023\\\/11\\\/Strasbourg-SFI-palais-congres-1.jpg\",\"articleSection\":[\"Strasbourg\"],\"inLanguage\":\"de\"},{\"@type\":\"WebPage\",\"@id\":\"https:\\\/\\\/www.meet-in-alsace.com\\\/de\\\/des-scientifiques-de-renommee-internationale-a-strasbourg-pour-le-congres-franco-allemand-dimmunologie\\\/\",\"url\":\"https:\\\/\\\/www.meet-in-alsace.com\\\/de\\\/des-scientifiques-de-renommee-internationale-a-strasbourg-pour-le-congres-franco-allemand-dimmunologie\\\/\",\"name\":\"International renommierte Wissenschaftler in Stra\u00dfburg beim deutsch-franz\u00f6sischen Kongress f\u00fcr Immunologie - Meet in Alsace\",\"isPartOf\":{\"@id\":\"https:\\\/\\\/www.meet-in-alsace.com\\\/de\\\/#website\"},\"primaryImageOfPage\":{\"@id\":\"https:\\\/\\\/www.meet-in-alsace.com\\\/de\\\/des-scientifiques-de-renommee-internationale-a-strasbourg-pour-le-congres-franco-allemand-dimmunologie\\\/#primaryimage\"},\"image\":{\"@id\":\"https:\\\/\\\/www.meet-in-alsace.com\\\/de\\\/des-scientifiques-de-renommee-internationale-a-strasbourg-pour-le-congres-franco-allemand-dimmunologie\\\/#primaryimage\"},\"thumbnailUrl\":\"https:\\\/\\\/www.meet-in-alsace.com\\\/wp-content\\\/uploads\\\/2023\\\/11\\\/Strasbourg-SFI-palais-congres-1.jpg\",\"datePublished\":\"2023-10-02T11:02:25+00:00\",\"dateModified\":\"2023-11-29T11:49:31+00:00\",\"breadcrumb\":{\"@id\":\"https:\\\/\\\/www.meet-in-alsace.com\\\/de\\\/des-scientifiques-de-renommee-internationale-a-strasbourg-pour-le-congres-franco-allemand-dimmunologie\\\/#breadcrumb\"},\"inLanguage\":\"de\",\"potentialAction\":[{\"@type\":\"ReadAction\",\"target\":[\"https:\\\/\\\/www.meet-in-alsace.com\\\/de\\\/des-scientifiques-de-renommee-internationale-a-strasbourg-pour-le-congres-franco-allemand-dimmunologie\\\/\"]}]},{\"@type\":\"ImageObject\",\"inLanguage\":\"de\",\"@id\":\"https:\\\/\\\/www.meet-in-alsace.com\\\/de\\\/des-scientifiques-de-renommee-internationale-a-strasbourg-pour-le-congres-franco-allemand-dimmunologie\\\/#primaryimage\",\"url\":\"https:\\\/\\\/www.meet-in-alsace.com\\\/wp-content\\\/uploads\\\/2023\\\/11\\\/Strasbourg-SFI-palais-congres-1.jpg\",\"contentUrl\":\"https:\\\/\\\/www.meet-in-alsace.com\\\/wp-content\\\/uploads\\\/2023\\\/11\\\/Strasbourg-SFI-palais-congres-1.jpg\",\"width\":1000,\"height\":600},{\"@type\":\"BreadcrumbList\",\"@id\":\"https:\\\/\\\/www.meet-in-alsace.com\\\/de\\\/des-scientifiques-de-renommee-internationale-a-strasbourg-pour-le-congres-franco-allemand-dimmunologie\\\/#breadcrumb\",\"itemListElement\":[{\"@type\":\"ListItem\",\"position\":1,\"name\":\"Meet In Alsace\",\"item\":\"https:\\\/\\\/www.meet-in-alsace.com\\\/de\\\/\"},{\"@type\":\"ListItem\",\"position\":2,\"name\":\"International renommierte Wissenschaftler in Stra\u00dfburg beim deutsch-franz\u00f6sischen Kongress f\u00fcr Immunologie\"}]},{\"@type\":\"WebSite\",\"@id\":\"https:\\\/\\\/www.meet-in-alsace.com\\\/de\\\/#website\",\"url\":\"https:\\\/\\\/www.meet-in-alsace.com\\\/de\\\/\",\"name\":\"Meet in Alsace\",\"description\":\"Ihr n\u00e4chstes Ziel f\u00fcr Kongress und Seminar\\r\\n\",\"publisher\":{\"@id\":\"https:\\\/\\\/www.meet-in-alsace.com\\\/de\\\/#organization\"},\"potentialAction\":[{\"@type\":\"SearchAction\",\"target\":{\"@type\":\"EntryPoint\",\"urlTemplate\":\"https:\\\/\\\/www.meet-in-alsace.com\\\/de\\\/?s={search_term_string}\"},\"query-input\":{\"@type\":\"PropertyValueSpecification\",\"valueRequired\":true,\"valueName\":\"search_term_string\"}}],\"inLanguage\":\"de\"},{\"@type\":\"Organization\",\"@id\":\"https:\\\/\\\/www.meet-in-alsace.com\\\/de\\\/#organization\",\"name\":\"Meet in Alsace\",\"url\":\"https:\\\/\\\/www.meet-in-alsace.com\\\/de\\\/\",\"logo\":{\"@type\":\"ImageObject\",\"inLanguage\":\"de\",\"@id\":\"https:\\\/\\\/www.meet-in-alsace.com\\\/de\\\/#\\\/schema\\\/logo\\\/image\\\/\",\"url\":\"https:\\\/\\\/www.meet-in-alsace.com\\\/wp-content\\\/uploads\\\/2016\\\/09\\\/meet-in-alsace.png\",\"contentUrl\":\"https:\\\/\\\/www.meet-in-alsace.com\\\/wp-content\\\/uploads\\\/2016\\\/09\\\/meet-in-alsace.png\",\"width\":303,\"height\":256,\"caption\":\"Meet in Alsace\"},\"image\":{\"@id\":\"https:\\\/\\\/www.meet-in-alsace.com\\\/de\\\/#\\\/schema\\\/logo\\\/image\\\/\"},\"sameAs\":[\"https:\\\/\\\/www.facebook.com\\\/MeetinAlsace\\\/\",\"https:\\\/\\\/x.com\\\/MeetinAlsace\",\"https:\\\/\\\/www.linkedin.com\\\/company\\\/meet-in-alsace\"]},{\"@type\":\"Person\",\"@id\":\"https:\\\/\\\/www.meet-in-alsace.com\\\/de\\\/#\\\/schema\\\/person\\\/0370b36f67344792337077f90f78874f\",\"name\":\"Isabelle Mainier\",\"image\":{\"@type\":\"ImageObject\",\"inLanguage\":\"de\",\"@id\":\"https:\\\/\\\/secure.gravatar.com\\\/avatar\\\/90052828b228a313110d219ccd0dad25088c636cbe31f34341236fc2786f1143?s=96&d=mm&r=g\",\"url\":\"https:\\\/\\\/secure.gravatar.com\\\/avatar\\\/90052828b228a313110d219ccd0dad25088c636cbe31f34341236fc2786f1143?s=96&d=mm&r=g\",\"contentUrl\":\"https:\\\/\\\/secure.gravatar.com\\\/avatar\\\/90052828b228a313110d219ccd0dad25088c636cbe31f34341236fc2786f1143?s=96&d=mm&r=g\",\"caption\":\"Isabelle Mainier\"},\"url\":\"https:\\\/\\\/www.meet-in-alsace.com\\\/de\\\/author\\\/admin-iza\\\/\"}]}<\/script>\n<!-- \/ Yoast SEO plugin. -->","yoast_head_json":{"title":"International renommierte Wissenschaftler in Stra\u00dfburg beim deutsch-franz\u00f6sischen Kongress f\u00fcr Immunologie - Meet in Alsace","robots":{"index":"index","follow":"follow","max-snippet":"max-snippet:-1","max-image-preview":"max-image-preview:large","max-video-preview":"max-video-preview:-1"},"canonical":"https:\/\/www.meet-in-alsace.com\/de\/des-scientifiques-de-renommee-internationale-a-strasbourg-pour-le-congres-franco-allemand-dimmunologie\/","og_locale":"de_DE","og_type":"article","og_title":"International renommierte Wissenschaftler in Stra\u00dfburg beim deutsch-franz\u00f6sischen Kongress f\u00fcr Immunologie - Meet in Alsace","og_description":"Es war uns eine Ehre, Gastgeber der gemeinsamen Konferenz der Soci\u00e9t\u00e9 Fran\u00e7aise d\u2019Immunologie (SFI) und der Deutschen Gesellschaft f\u00fcr Immunologie+","og_url":"https:\/\/www.meet-in-alsace.com\/de\/des-scientifiques-de-renommee-internationale-a-strasbourg-pour-le-congres-franco-allemand-dimmunologie\/","og_site_name":"Meet in Alsace","article_publisher":"https:\/\/www.facebook.com\/MeetinAlsace\/","article_published_time":"2023-10-02T11:02:25+00:00","article_modified_time":"2023-11-29T11:49:31+00:00","og_image":[{"width":1000,"height":600,"url":"https:\/\/www.meet-in-alsace.com\/wp-content\/uploads\/2023\/11\/Strasbourg-SFI-palais-congres-1.jpg","type":"image\/jpeg"}],"author":"Isabelle Mainier","twitter_misc":{"Verfasst von":"Isabelle Mainier","Gesch\u00e4tzte Lesezeit":"2\u00a0Minuten"},"schema":{"@context":"https:\/\/schema.org","@graph":[{"@type":"Article","@id":"https:\/\/www.meet-in-alsace.com\/de\/des-scientifiques-de-renommee-internationale-a-strasbourg-pour-le-congres-franco-allemand-dimmunologie\/#article","isPartOf":{"@id":"https:\/\/www.meet-in-alsace.com\/de\/des-scientifiques-de-renommee-internationale-a-strasbourg-pour-le-congres-franco-allemand-dimmunologie\/"},"author":{"name":"Isabelle Mainier","@id":"https:\/\/www.meet-in-alsace.com\/de\/#\/schema\/person\/0370b36f67344792337077f90f78874f"},"headline":"International renommierte Wissenschaftler in Stra\u00dfburg beim deutsch-franz\u00f6sischen Kongress f\u00fcr Immunologie","datePublished":"2023-10-02T11:02:25+00:00","dateModified":"2023-11-29T11:49:31+00:00","mainEntityOfPage":{"@id":"https:\/\/www.meet-in-alsace.com\/de\/des-scientifiques-de-renommee-internationale-a-strasbourg-pour-le-congres-franco-allemand-dimmunologie\/"},"wordCount":236,"publisher":{"@id":"https:\/\/www.meet-in-alsace.com\/de\/#organization"},"image":{"@id":"https:\/\/www.meet-in-alsace.com\/de\/des-scientifiques-de-renommee-internationale-a-strasbourg-pour-le-congres-franco-allemand-dimmunologie\/#primaryimage"},"thumbnailUrl":"https:\/\/www.meet-in-alsace.com\/wp-content\/uploads\/2023\/11\/Strasbourg-SFI-palais-congres-1.jpg","articleSection":["Strasbourg"],"inLanguage":"de"},{"@type":"WebPage","@id":"https:\/\/www.meet-in-alsace.com\/de\/des-scientifiques-de-renommee-internationale-a-strasbourg-pour-le-congres-franco-allemand-dimmunologie\/","url":"https:\/\/www.meet-in-alsace.com\/de\/des-scientifiques-de-renommee-internationale-a-strasbourg-pour-le-congres-franco-allemand-dimmunologie\/","name":"International renommierte Wissenschaftler in Stra\u00dfburg beim deutsch-franz\u00f6sischen Kongress f\u00fcr Immunologie - Meet in Alsace","isPartOf":{"@id":"https:\/\/www.meet-in-alsace.com\/de\/#website"},"primaryImageOfPage":{"@id":"https:\/\/www.meet-in-alsace.com\/de\/des-scientifiques-de-renommee-internationale-a-strasbourg-pour-le-congres-franco-allemand-dimmunologie\/#primaryimage"},"image":{"@id":"https:\/\/www.meet-in-alsace.com\/de\/des-scientifiques-de-renommee-internationale-a-strasbourg-pour-le-congres-franco-allemand-dimmunologie\/#primaryimage"},"thumbnailUrl":"https:\/\/www.meet-in-alsace.com\/wp-content\/uploads\/2023\/11\/Strasbourg-SFI-palais-congres-1.jpg","datePublished":"2023-10-02T11:02:25+00:00","dateModified":"2023-11-29T11:49:31+00:00","breadcrumb":{"@id":"https:\/\/www.meet-in-alsace.com\/de\/des-scientifiques-de-renommee-internationale-a-strasbourg-pour-le-congres-franco-allemand-dimmunologie\/#breadcrumb"},"inLanguage":"de","potentialAction":[{"@type":"ReadAction","target":["https:\/\/www.meet-in-alsace.com\/de\/des-scientifiques-de-renommee-internationale-a-strasbourg-pour-le-congres-franco-allemand-dimmunologie\/"]}]},{"@type":"ImageObject","inLanguage":"de","@id":"https:\/\/www.meet-in-alsace.com\/de\/des-scientifiques-de-renommee-internationale-a-strasbourg-pour-le-congres-franco-allemand-dimmunologie\/#primaryimage","url":"https:\/\/www.meet-in-alsace.com\/wp-content\/uploads\/2023\/11\/Strasbourg-SFI-palais-congres-1.jpg","contentUrl":"https:\/\/www.meet-in-alsace.com\/wp-content\/uploads\/2023\/11\/Strasbourg-SFI-palais-congres-1.jpg","width":1000,"height":600},{"@type":"BreadcrumbList","@id":"https:\/\/www.meet-in-alsace.com\/de\/des-scientifiques-de-renommee-internationale-a-strasbourg-pour-le-congres-franco-allemand-dimmunologie\/#breadcrumb","itemListElement":[{"@type":"ListItem","position":1,"name":"Meet In Alsace","item":"https:\/\/www.meet-in-alsace.com\/de\/"},{"@type":"ListItem","position":2,"name":"International renommierte Wissenschaftler in Stra\u00dfburg beim deutsch-franz\u00f6sischen Kongress f\u00fcr Immunologie"}]},{"@type":"WebSite","@id":"https:\/\/www.meet-in-alsace.com\/de\/#website","url":"https:\/\/www.meet-in-alsace.com\/de\/","name":"Meet in Alsace","description":"Ihr n\u00e4chstes Ziel f\u00fcr Kongress und Seminar\r\n","publisher":{"@id":"https:\/\/www.meet-in-alsace.com\/de\/#organization"},"potentialAction":[{"@type":"SearchAction","target":{"@type":"EntryPoint","urlTemplate":"https:\/\/www.meet-in-alsace.com\/de\/?s={search_term_string}"},"query-input":{"@type":"PropertyValueSpecification","valueRequired":true,"valueName":"search_term_string"}}],"inLanguage":"de"},{"@type":"Organization","@id":"https:\/\/www.meet-in-alsace.com\/de\/#organization","name":"Meet in Alsace","url":"https:\/\/www.meet-in-alsace.com\/de\/","logo":{"@type":"ImageObject","inLanguage":"de","@id":"https:\/\/www.meet-in-alsace.com\/de\/#\/schema\/logo\/image\/","url":"https:\/\/www.meet-in-alsace.com\/wp-content\/uploads\/2016\/09\/meet-in-alsace.png","contentUrl":"https:\/\/www.meet-in-alsace.com\/wp-content\/uploads\/2016\/09\/meet-in-alsace.png","width":303,"height":256,"caption":"Meet in Alsace"},"image":{"@id":"https:\/\/www.meet-in-alsace.com\/de\/#\/schema\/logo\/image\/"},"sameAs":["https:\/\/www.facebook.com\/MeetinAlsace\/","https:\/\/x.com\/MeetinAlsace","https:\/\/www.linkedin.com\/company\/meet-in-alsace"]},{"@type":"Person","@id":"https:\/\/www.meet-in-alsace.com\/de\/#\/schema\/person\/0370b36f67344792337077f90f78874f","name":"Isabelle Mainier","image":{"@type":"ImageObject","inLanguage":"de","@id":"https:\/\/secure.gravatar.com\/avatar\/90052828b228a313110d219ccd0dad25088c636cbe31f34341236fc2786f1143?s=96&d=mm&r=g","url":"https:\/\/secure.gravatar.com\/avatar\/90052828b228a313110d219ccd0dad25088c636cbe31f34341236fc2786f1143?s=96&d=mm&r=g","contentUrl":"https:\/\/secure.gravatar.com\/avatar\/90052828b228a313110d219ccd0dad25088c636cbe31f34341236fc2786f1143?s=96&d=mm&r=g","caption":"Isabelle Mainier"},"url":"https:\/\/www.meet-in-alsace.com\/de\/author\/admin-iza\/"}]}},"_links":{"self":[{"href":"https:\/\/www.meet-in-alsace.com\/de\/wp-json\/wp\/v2\/posts\/10687","targetHints":{"allow":["GET"]}}],"collection":[{"href":"https:\/\/www.meet-in-alsace.com\/de\/wp-json\/wp\/v2\/posts"}],"about":[{"href":"https:\/\/www.meet-in-alsace.com\/de\/wp-json\/wp\/v2\/types\/post"}],"author":[{"embeddable":true,"href":"https:\/\/www.meet-in-alsace.com\/de\/wp-json\/wp\/v2\/users\/15"}],"replies":[{"embeddable":true,"href":"https:\/\/www.meet-in-alsace.com\/de\/wp-json\/wp\/v2\/comments?post=10687"}],"version-history":[{"count":0,"href":"https:\/\/www.meet-in-alsace.com\/de\/wp-json\/wp\/v2\/posts\/10687\/revisions"}],"wp:featuredmedia":[{"embeddable":true,"href":"https:\/\/www.meet-in-alsace.com\/de\/wp-json\/wp\/v2\/media\/10267"}],"wp:attachment":[{"href":"https:\/\/www.meet-in-alsace.com\/de\/wp-json\/wp\/v2\/media?parent=10687"}],"wp:term":[{"taxonomy":"category","embeddable":true,"href":"https:\/\/www.meet-in-alsace.com\/de\/wp-json\/wp\/v2\/categories?post=10687"},{"taxonomy":"post_tag","embeddable":true,"href":"https:\/\/www.meet-in-alsace.com\/de\/wp-json\/wp\/v2\/tags?post=10687"}],"curies":[{"name":"wp","href":"https:\/\/api.w.org\/{rel}","templated":true}]}}