{"id":10696,"date":"2023-09-07T15:30:43","date_gmt":"2023-09-07T13:30:43","guid":{"rendered":"https:\/\/www.meet-in-alsace.com\/senvoler-depuis-colmar-cest-possible\/"},"modified":"2023-11-29T14:22:16","modified_gmt":"2023-11-29T12:22:16","slug":"senvoler-depuis-colmar-cest-possible","status":"publish","type":"post","link":"https:\/\/www.meet-in-alsace.com\/de\/senvoler-depuis-colmar-cest-possible\/","title":{"rendered":"Abheben von Colmar, kein Problem!"},"content":{"rendered":"<p>Der im n\u00f6rdlichen Industriegebiet der Stadt gelegene Flughafen Colmar-Houssen wird zwar vor allem f\u00fcr seine Gesch\u00e4fts- und Freizeitfl\u00fcge genutzt, bietet aber auch eine Flugschule, Fliegerklubs und andere Luftsportaktivit\u00e4ten!<\/p>\n<p><a href=\"https:\/\/www.colmar.aeroport.fr\/de\/72-kategorien-in-deutsch\/home\/185-flughafen-von-colmar\" rel=\"noopener\" target=\"_blank\">Der Flughafen von Colmar<\/a> im Herzen des Elsass ist eine flexible Alternative zu den anderen Flugh\u00e4fen der Region f\u00fcr Ihre Gesch\u00e4ftsreisen. Ohne Linienflugverkehr steht er Charterfluggesellschaften wie Valljet, Globeair oder Netjets oder auch Maklern zur Verf\u00fcgung, die Fl\u00fcge f\u00fcr ihre Kunden suchen. <\/p>\n<p>Der Flughafen, der 2010 die Charta der franz\u00f6sischen Gesch\u00e4ftsflugh\u00e4fen unterzeichnete, ist ganzj\u00e4hrig ge\u00f6ffnet. Die Fluglotsen sind von 7.30 bis 21.00 Uhr im Dienst. F\u00fcr den Betrieb au\u00dferhalb dieser Zeiten kann die Verwaltungsgesellschaft des Flugplatzes Soci\u00e9t\u00e9 de l\u2019A\u00e9roport de Colmar-ADC diesen auf Anfrage \u00f6ffnen, sodass der Fluginformationsdienst die Flugzeugf\u00fchrer, ohne Freigabe, informieren kann.<br \/>\nVor Ort befinden sich ebenfalls zwei Sicherheitsbeamte, um die Sicherheit der Flugzeuge am Boden zu gew\u00e4hrleisten und gegebenenfalls Sicherheits-, Rettungs- oder Brandbek\u00e4mpfungsma\u00dfnahmen einzuleiten. <\/p>\n<p><strong>Franz\u00f6sischer Gesch\u00e4ftsflughafen<\/strong><br \/>\nDer als franz\u00f6sischer Gesch\u00e4ftsflughafen anerkannte Flugplatz ist f\u00fcr den nationalen und internationalen Verkehr, den gewerblichen Verkehr, Privatflugzeuge sowie\u00a0IFR-\u00a0und\u00a0VFR-Fl\u00fcge (Instrumenten- und Sichtfl\u00fcge) ge\u00f6ffnet. Seine asphaltierte Start- und Landebahn ist 1\u00a0610 m lang und 30 m breit. Der Flughafen verzeichnet j\u00e4hrlich 30\u00a0000 Flugbewegungen, d. h. 50 Landungen und Starts pro Tag.<br \/>\nNeben seiner gesch\u00e4ftlichen Aktivit\u00e4t beherbergt der Flughafen Colmar eine Flugschule, die Sky Academy, die den Erwerb einer Berufspilotenlizenz erm\u00f6glicht, sowie zwei Fliegerklubs, die private Piloten f\u00fcr Flugzeug oder Hubschrauber ausbilden. Fly For You bietet ebenfalls Lufttaufen mit dem Hubschrauber an. <\/p>\n<p>Wenn Sie mit Ihren Mitarbeitern Nervenkitzel erleben m\u00f6chten, k\u00f6nnen Sie unter zahlreichen Sportvereinen w\u00e4hlen, die sich auf dem Flugplatz befinden: Modellflug, Segelflug, Motorflug, Kunstflug, Fallschirmspringen, Ultraleichtflug, Hubschrauber-Panoramaflug. <\/p>\n<p><strong>F\u00fcr weitere Informationen:<br \/>\nColmar Convention Bureau, Place Unterlinden, Colmar<\/strong><br \/>\n<strong>Tel. : +33 (0)3 89 20 69 11<br \/>\n<a href=\"mailto:cthomann@tourisme-colmar.com\">cthomann@tourisme-colmar.com<\/a><\/strong><\/p>\n","protected":false},"excerpt":{"rendered":"<p>Der im n\u00f6rdlichen Industriegebiet der Stadt gelegene Flughafen Colmar-Houssen wird zwar vor allem f\u00fcr seine Gesch\u00e4fts- und Freizeitfl\u00fcge genutzt, bietet<\/p>\n<div class=\"view-full-post\"><a href=\"https:\/\/www.meet-in-alsace.com\/de\/senvoler-depuis-colmar-cest-possible\/\" class=\"more-link\">+<\/a><\/div>\n","protected":false},"author":15,"featured_media":10299,"comment_status":"closed","ping_status":"closed","sticky":false,"template":"","format":"standard","meta":{"_et_pb_use_builder":"","_et_pb_old_content":"","_et_gb_content_width":"","inline_featured_image":false,"footnotes":""},"categories":[96],"tags":[],"class_list":["post-10696","post","type-post","status-publish","format-standard","has-post-thumbnail","hentry","category-colmar-de"],"yoast_head":"<!-- This site is optimized with the Yoast SEO plugin v27.5 - https:\/\/yoast.com\/product\/yoast-seo-wordpress\/ -->\n<title>Abheben von Colmar, kein Problem! - Meet in Alsace<\/title>\n<meta name=\"robots\" content=\"index, follow, max-snippet:-1, max-image-preview:large, max-video-preview:-1\" \/>\n<link rel=\"canonical\" href=\"https:\/\/www.meet-in-alsace.com\/de\/senvoler-depuis-colmar-cest-possible\/\" \/>\n<meta property=\"og:locale\" content=\"de_DE\" \/>\n<meta property=\"og:type\" content=\"article\" \/>\n<meta property=\"og:title\" content=\"Abheben von Colmar, kein Problem! - Meet in Alsace\" \/>\n<meta property=\"og:description\" content=\"Der im n\u00f6rdlichen Industriegebiet der Stadt gelegene Flughafen Colmar-Houssen wird zwar vor allem f\u00fcr seine Gesch\u00e4fts- und Freizeitfl\u00fcge genutzt, bietet+\" \/>\n<meta property=\"og:url\" content=\"https:\/\/www.meet-in-alsace.com\/de\/senvoler-depuis-colmar-cest-possible\/\" \/>\n<meta property=\"og:site_name\" content=\"Meet in Alsace\" \/>\n<meta property=\"article:publisher\" content=\"https:\/\/www.facebook.com\/MeetinAlsace\/\" \/>\n<meta property=\"article:published_time\" content=\"2023-09-07T13:30:43+00:00\" \/>\n<meta property=\"article:modified_time\" content=\"2023-11-29T12:22:16+00:00\" \/>\n<meta property=\"og:image\" content=\"http:\/\/www.meet-in-alsace.com\/wp-content\/uploads\/2023\/11\/aeroport-colmar-1.jpg\" \/>\n\t<meta property=\"og:image:width\" content=\"1000\" \/>\n\t<meta property=\"og:image:height\" content=\"666\" \/>\n\t<meta property=\"og:image:type\" content=\"image\/jpeg\" \/>\n<meta name=\"author\" content=\"Isabelle Mainier\" \/>\n<meta name=\"twitter:label1\" content=\"Verfasst von\" \/>\n\t<meta name=\"twitter:data1\" content=\"Isabelle Mainier\" \/>\n\t<meta name=\"twitter:label2\" content=\"Gesch\u00e4tzte Lesezeit\" \/>\n\t<meta name=\"twitter:data2\" content=\"2\u00a0Minuten\" \/>\n<script type=\"application\/ld+json\" class=\"yoast-schema-graph\">{\"@context\":\"https:\\\/\\\/schema.org\",\"@graph\":[{\"@type\":\"Article\",\"@id\":\"https:\\\/\\\/www.meet-in-alsace.com\\\/de\\\/senvoler-depuis-colmar-cest-possible\\\/#article\",\"isPartOf\":{\"@id\":\"https:\\\/\\\/www.meet-in-alsace.com\\\/de\\\/senvoler-depuis-colmar-cest-possible\\\/\"},\"author\":{\"name\":\"Isabelle Mainier\",\"@id\":\"https:\\\/\\\/www.meet-in-alsace.com\\\/de\\\/#\\\/schema\\\/person\\\/0370b36f67344792337077f90f78874f\"},\"headline\":\"Abheben von Colmar, kein Problem!\",\"datePublished\":\"2023-09-07T13:30:43+00:00\",\"dateModified\":\"2023-11-29T12:22:16+00:00\",\"mainEntityOfPage\":{\"@id\":\"https:\\\/\\\/www.meet-in-alsace.com\\\/de\\\/senvoler-depuis-colmar-cest-possible\\\/\"},\"wordCount\":319,\"publisher\":{\"@id\":\"https:\\\/\\\/www.meet-in-alsace.com\\\/de\\\/#organization\"},\"image\":{\"@id\":\"https:\\\/\\\/www.meet-in-alsace.com\\\/de\\\/senvoler-depuis-colmar-cest-possible\\\/#primaryimage\"},\"thumbnailUrl\":\"https:\\\/\\\/www.meet-in-alsace.com\\\/wp-content\\\/uploads\\\/2023\\\/11\\\/aeroport-colmar-1.jpg\",\"articleSection\":[\"Colmar\"],\"inLanguage\":\"de\"},{\"@type\":\"WebPage\",\"@id\":\"https:\\\/\\\/www.meet-in-alsace.com\\\/de\\\/senvoler-depuis-colmar-cest-possible\\\/\",\"url\":\"https:\\\/\\\/www.meet-in-alsace.com\\\/de\\\/senvoler-depuis-colmar-cest-possible\\\/\",\"name\":\"Abheben von Colmar, kein Problem! - Meet in Alsace\",\"isPartOf\":{\"@id\":\"https:\\\/\\\/www.meet-in-alsace.com\\\/de\\\/#website\"},\"primaryImageOfPage\":{\"@id\":\"https:\\\/\\\/www.meet-in-alsace.com\\\/de\\\/senvoler-depuis-colmar-cest-possible\\\/#primaryimage\"},\"image\":{\"@id\":\"https:\\\/\\\/www.meet-in-alsace.com\\\/de\\\/senvoler-depuis-colmar-cest-possible\\\/#primaryimage\"},\"thumbnailUrl\":\"https:\\\/\\\/www.meet-in-alsace.com\\\/wp-content\\\/uploads\\\/2023\\\/11\\\/aeroport-colmar-1.jpg\",\"datePublished\":\"2023-09-07T13:30:43+00:00\",\"dateModified\":\"2023-11-29T12:22:16+00:00\",\"breadcrumb\":{\"@id\":\"https:\\\/\\\/www.meet-in-alsace.com\\\/de\\\/senvoler-depuis-colmar-cest-possible\\\/#breadcrumb\"},\"inLanguage\":\"de\",\"potentialAction\":[{\"@type\":\"ReadAction\",\"target\":[\"https:\\\/\\\/www.meet-in-alsace.com\\\/de\\\/senvoler-depuis-colmar-cest-possible\\\/\"]}]},{\"@type\":\"ImageObject\",\"inLanguage\":\"de\",\"@id\":\"https:\\\/\\\/www.meet-in-alsace.com\\\/de\\\/senvoler-depuis-colmar-cest-possible\\\/#primaryimage\",\"url\":\"https:\\\/\\\/www.meet-in-alsace.com\\\/wp-content\\\/uploads\\\/2023\\\/11\\\/aeroport-colmar-1.jpg\",\"contentUrl\":\"https:\\\/\\\/www.meet-in-alsace.com\\\/wp-content\\\/uploads\\\/2023\\\/11\\\/aeroport-colmar-1.jpg\",\"width\":1000,\"height\":666},{\"@type\":\"BreadcrumbList\",\"@id\":\"https:\\\/\\\/www.meet-in-alsace.com\\\/de\\\/senvoler-depuis-colmar-cest-possible\\\/#breadcrumb\",\"itemListElement\":[{\"@type\":\"ListItem\",\"position\":1,\"name\":\"Meet In Alsace\",\"item\":\"https:\\\/\\\/www.meet-in-alsace.com\\\/de\\\/\"},{\"@type\":\"ListItem\",\"position\":2,\"name\":\"Abheben von Colmar, kein Problem!\"}]},{\"@type\":\"WebSite\",\"@id\":\"https:\\\/\\\/www.meet-in-alsace.com\\\/de\\\/#website\",\"url\":\"https:\\\/\\\/www.meet-in-alsace.com\\\/de\\\/\",\"name\":\"Meet in Alsace\",\"description\":\"Ihr n\u00e4chstes Ziel f\u00fcr Kongress und Seminar\\r\\n\",\"publisher\":{\"@id\":\"https:\\\/\\\/www.meet-in-alsace.com\\\/de\\\/#organization\"},\"potentialAction\":[{\"@type\":\"SearchAction\",\"target\":{\"@type\":\"EntryPoint\",\"urlTemplate\":\"https:\\\/\\\/www.meet-in-alsace.com\\\/de\\\/?s={search_term_string}\"},\"query-input\":{\"@type\":\"PropertyValueSpecification\",\"valueRequired\":true,\"valueName\":\"search_term_string\"}}],\"inLanguage\":\"de\"},{\"@type\":\"Organization\",\"@id\":\"https:\\\/\\\/www.meet-in-alsace.com\\\/de\\\/#organization\",\"name\":\"Meet in Alsace\",\"url\":\"https:\\\/\\\/www.meet-in-alsace.com\\\/de\\\/\",\"logo\":{\"@type\":\"ImageObject\",\"inLanguage\":\"de\",\"@id\":\"https:\\\/\\\/www.meet-in-alsace.com\\\/de\\\/#\\\/schema\\\/logo\\\/image\\\/\",\"url\":\"https:\\\/\\\/www.meet-in-alsace.com\\\/wp-content\\\/uploads\\\/2016\\\/09\\\/meet-in-alsace.png\",\"contentUrl\":\"https:\\\/\\\/www.meet-in-alsace.com\\\/wp-content\\\/uploads\\\/2016\\\/09\\\/meet-in-alsace.png\",\"width\":303,\"height\":256,\"caption\":\"Meet in Alsace\"},\"image\":{\"@id\":\"https:\\\/\\\/www.meet-in-alsace.com\\\/de\\\/#\\\/schema\\\/logo\\\/image\\\/\"},\"sameAs\":[\"https:\\\/\\\/www.facebook.com\\\/MeetinAlsace\\\/\",\"https:\\\/\\\/x.com\\\/MeetinAlsace\",\"https:\\\/\\\/www.linkedin.com\\\/company\\\/meet-in-alsace\"]},{\"@type\":\"Person\",\"@id\":\"https:\\\/\\\/www.meet-in-alsace.com\\\/de\\\/#\\\/schema\\\/person\\\/0370b36f67344792337077f90f78874f\",\"name\":\"Isabelle Mainier\",\"image\":{\"@type\":\"ImageObject\",\"inLanguage\":\"de\",\"@id\":\"https:\\\/\\\/secure.gravatar.com\\\/avatar\\\/90052828b228a313110d219ccd0dad25088c636cbe31f34341236fc2786f1143?s=96&d=mm&r=g\",\"url\":\"https:\\\/\\\/secure.gravatar.com\\\/avatar\\\/90052828b228a313110d219ccd0dad25088c636cbe31f34341236fc2786f1143?s=96&d=mm&r=g\",\"contentUrl\":\"https:\\\/\\\/secure.gravatar.com\\\/avatar\\\/90052828b228a313110d219ccd0dad25088c636cbe31f34341236fc2786f1143?s=96&d=mm&r=g\",\"caption\":\"Isabelle Mainier\"},\"url\":\"https:\\\/\\\/www.meet-in-alsace.com\\\/de\\\/author\\\/admin-iza\\\/\"}]}<\/script>\n<!-- \/ Yoast SEO plugin. -->","yoast_head_json":{"title":"Abheben von Colmar, kein Problem! - Meet in Alsace","robots":{"index":"index","follow":"follow","max-snippet":"max-snippet:-1","max-image-preview":"max-image-preview:large","max-video-preview":"max-video-preview:-1"},"canonical":"https:\/\/www.meet-in-alsace.com\/de\/senvoler-depuis-colmar-cest-possible\/","og_locale":"de_DE","og_type":"article","og_title":"Abheben von Colmar, kein Problem! - Meet in Alsace","og_description":"Der im n\u00f6rdlichen Industriegebiet der Stadt gelegene Flughafen Colmar-Houssen wird zwar vor allem f\u00fcr seine Gesch\u00e4fts- und Freizeitfl\u00fcge genutzt, bietet+","og_url":"https:\/\/www.meet-in-alsace.com\/de\/senvoler-depuis-colmar-cest-possible\/","og_site_name":"Meet in Alsace","article_publisher":"https:\/\/www.facebook.com\/MeetinAlsace\/","article_published_time":"2023-09-07T13:30:43+00:00","article_modified_time":"2023-11-29T12:22:16+00:00","og_image":[{"width":1000,"height":666,"url":"http:\/\/www.meet-in-alsace.com\/wp-content\/uploads\/2023\/11\/aeroport-colmar-1.jpg","type":"image\/jpeg"}],"author":"Isabelle Mainier","twitter_misc":{"Verfasst von":"Isabelle Mainier","Gesch\u00e4tzte Lesezeit":"2\u00a0Minuten"},"schema":{"@context":"https:\/\/schema.org","@graph":[{"@type":"Article","@id":"https:\/\/www.meet-in-alsace.com\/de\/senvoler-depuis-colmar-cest-possible\/#article","isPartOf":{"@id":"https:\/\/www.meet-in-alsace.com\/de\/senvoler-depuis-colmar-cest-possible\/"},"author":{"name":"Isabelle Mainier","@id":"https:\/\/www.meet-in-alsace.com\/de\/#\/schema\/person\/0370b36f67344792337077f90f78874f"},"headline":"Abheben von Colmar, kein Problem!","datePublished":"2023-09-07T13:30:43+00:00","dateModified":"2023-11-29T12:22:16+00:00","mainEntityOfPage":{"@id":"https:\/\/www.meet-in-alsace.com\/de\/senvoler-depuis-colmar-cest-possible\/"},"wordCount":319,"publisher":{"@id":"https:\/\/www.meet-in-alsace.com\/de\/#organization"},"image":{"@id":"https:\/\/www.meet-in-alsace.com\/de\/senvoler-depuis-colmar-cest-possible\/#primaryimage"},"thumbnailUrl":"https:\/\/www.meet-in-alsace.com\/wp-content\/uploads\/2023\/11\/aeroport-colmar-1.jpg","articleSection":["Colmar"],"inLanguage":"de"},{"@type":"WebPage","@id":"https:\/\/www.meet-in-alsace.com\/de\/senvoler-depuis-colmar-cest-possible\/","url":"https:\/\/www.meet-in-alsace.com\/de\/senvoler-depuis-colmar-cest-possible\/","name":"Abheben von Colmar, kein Problem! - Meet in Alsace","isPartOf":{"@id":"https:\/\/www.meet-in-alsace.com\/de\/#website"},"primaryImageOfPage":{"@id":"https:\/\/www.meet-in-alsace.com\/de\/senvoler-depuis-colmar-cest-possible\/#primaryimage"},"image":{"@id":"https:\/\/www.meet-in-alsace.com\/de\/senvoler-depuis-colmar-cest-possible\/#primaryimage"},"thumbnailUrl":"https:\/\/www.meet-in-alsace.com\/wp-content\/uploads\/2023\/11\/aeroport-colmar-1.jpg","datePublished":"2023-09-07T13:30:43+00:00","dateModified":"2023-11-29T12:22:16+00:00","breadcrumb":{"@id":"https:\/\/www.meet-in-alsace.com\/de\/senvoler-depuis-colmar-cest-possible\/#breadcrumb"},"inLanguage":"de","potentialAction":[{"@type":"ReadAction","target":["https:\/\/www.meet-in-alsace.com\/de\/senvoler-depuis-colmar-cest-possible\/"]}]},{"@type":"ImageObject","inLanguage":"de","@id":"https:\/\/www.meet-in-alsace.com\/de\/senvoler-depuis-colmar-cest-possible\/#primaryimage","url":"https:\/\/www.meet-in-alsace.com\/wp-content\/uploads\/2023\/11\/aeroport-colmar-1.jpg","contentUrl":"https:\/\/www.meet-in-alsace.com\/wp-content\/uploads\/2023\/11\/aeroport-colmar-1.jpg","width":1000,"height":666},{"@type":"BreadcrumbList","@id":"https:\/\/www.meet-in-alsace.com\/de\/senvoler-depuis-colmar-cest-possible\/#breadcrumb","itemListElement":[{"@type":"ListItem","position":1,"name":"Meet In Alsace","item":"https:\/\/www.meet-in-alsace.com\/de\/"},{"@type":"ListItem","position":2,"name":"Abheben von Colmar, kein Problem!"}]},{"@type":"WebSite","@id":"https:\/\/www.meet-in-alsace.com\/de\/#website","url":"https:\/\/www.meet-in-alsace.com\/de\/","name":"Meet in Alsace","description":"Ihr n\u00e4chstes Ziel f\u00fcr Kongress und Seminar\r\n","publisher":{"@id":"https:\/\/www.meet-in-alsace.com\/de\/#organization"},"potentialAction":[{"@type":"SearchAction","target":{"@type":"EntryPoint","urlTemplate":"https:\/\/www.meet-in-alsace.com\/de\/?s={search_term_string}"},"query-input":{"@type":"PropertyValueSpecification","valueRequired":true,"valueName":"search_term_string"}}],"inLanguage":"de"},{"@type":"Organization","@id":"https:\/\/www.meet-in-alsace.com\/de\/#organization","name":"Meet in Alsace","url":"https:\/\/www.meet-in-alsace.com\/de\/","logo":{"@type":"ImageObject","inLanguage":"de","@id":"https:\/\/www.meet-in-alsace.com\/de\/#\/schema\/logo\/image\/","url":"https:\/\/www.meet-in-alsace.com\/wp-content\/uploads\/2016\/09\/meet-in-alsace.png","contentUrl":"https:\/\/www.meet-in-alsace.com\/wp-content\/uploads\/2016\/09\/meet-in-alsace.png","width":303,"height":256,"caption":"Meet in Alsace"},"image":{"@id":"https:\/\/www.meet-in-alsace.com\/de\/#\/schema\/logo\/image\/"},"sameAs":["https:\/\/www.facebook.com\/MeetinAlsace\/","https:\/\/x.com\/MeetinAlsace","https:\/\/www.linkedin.com\/company\/meet-in-alsace"]},{"@type":"Person","@id":"https:\/\/www.meet-in-alsace.com\/de\/#\/schema\/person\/0370b36f67344792337077f90f78874f","name":"Isabelle Mainier","image":{"@type":"ImageObject","inLanguage":"de","@id":"https:\/\/secure.gravatar.com\/avatar\/90052828b228a313110d219ccd0dad25088c636cbe31f34341236fc2786f1143?s=96&d=mm&r=g","url":"https:\/\/secure.gravatar.com\/avatar\/90052828b228a313110d219ccd0dad25088c636cbe31f34341236fc2786f1143?s=96&d=mm&r=g","contentUrl":"https:\/\/secure.gravatar.com\/avatar\/90052828b228a313110d219ccd0dad25088c636cbe31f34341236fc2786f1143?s=96&d=mm&r=g","caption":"Isabelle Mainier"},"url":"https:\/\/www.meet-in-alsace.com\/de\/author\/admin-iza\/"}]}},"_links":{"self":[{"href":"https:\/\/www.meet-in-alsace.com\/de\/wp-json\/wp\/v2\/posts\/10696","targetHints":{"allow":["GET"]}}],"collection":[{"href":"https:\/\/www.meet-in-alsace.com\/de\/wp-json\/wp\/v2\/posts"}],"about":[{"href":"https:\/\/www.meet-in-alsace.com\/de\/wp-json\/wp\/v2\/types\/post"}],"author":[{"embeddable":true,"href":"https:\/\/www.meet-in-alsace.com\/de\/wp-json\/wp\/v2\/users\/15"}],"replies":[{"embeddable":true,"href":"https:\/\/www.meet-in-alsace.com\/de\/wp-json\/wp\/v2\/comments?post=10696"}],"version-history":[{"count":0,"href":"https:\/\/www.meet-in-alsace.com\/de\/wp-json\/wp\/v2\/posts\/10696\/revisions"}],"wp:featuredmedia":[{"embeddable":true,"href":"https:\/\/www.meet-in-alsace.com\/de\/wp-json\/wp\/v2\/media\/10299"}],"wp:attachment":[{"href":"https:\/\/www.meet-in-alsace.com\/de\/wp-json\/wp\/v2\/media?parent=10696"}],"wp:term":[{"taxonomy":"category","embeddable":true,"href":"https:\/\/www.meet-in-alsace.com\/de\/wp-json\/wp\/v2\/categories?post=10696"},{"taxonomy":"post_tag","embeddable":true,"href":"https:\/\/www.meet-in-alsace.com\/de\/wp-json\/wp\/v2\/tags?post=10696"}],"curies":[{"name":"wp","href":"https:\/\/api.w.org\/{rel}","templated":true}]}}