{"id":11060,"date":"2024-01-22T17:38:07","date_gmt":"2024-01-22T15:38:07","guid":{"rendered":"https:\/\/www.meet-in-alsace.com\/?p=11060"},"modified":"2024-01-23T18:14:43","modified_gmt":"2024-01-23T16:14:43","slug":"destination-strassburg-die-europaeische","status":"publish","type":"post","link":"https:\/\/www.meet-in-alsace.com\/de\/destination-strassburg-die-europaeische\/","title":{"rendered":"Zoom auf das WACKEN-Viertel"},"content":{"rendered":"<p>Das Wacken-Viertel wird im Osten durch die Ill, im Westen durch die Avenue Herrenschmidt, im S\u00fcden durch den Place de Bordeaux begrenzt und von der Aar und dem Rhein-Marne-Kanal durchquert. Es soll seinen Namen vom Dialekt \u201eWacke\u201c bekommen haben, was Pflasterstein bedeutet, denn es befindet sich an der Stelle alter Rheinbetten, die im Laufe mehrerer Jahrtausende zahlreiche Kiesel, Schotter und Steine mit sich gef\u00fchrt haben \u2026<\/p>\n<p>Untrennbar mit den europ\u00e4ischen Institutionen, dem Sitz der Region Grand Est und den Veranstaltungsinfrastrukturen von Strasbourg verbunden, erf\u00e4hrt das Wacken-Viertel seit 2018 einen grundlegenden Wandel, der noch nicht beendet ist und ihm ein neues Gesicht geben wird.<\/p>\n<p>Zwei Flaggschiffen gleich erheben sich majest\u00e4tisch die Sitze des Cr\u00e9dit Mutuel auf der einen und der von Puma auf der anderen Seite als neue Orientierungspunkte des Archipel-Viertels empor. In geschickter Harmonie, ges\u00e4umt von zwei Stra\u00dfenbahnlinien, vereint es Dienstleistungsaktivit\u00e4ten, Wohnraum und lokale Gesch\u00e4fte und bietet au\u00dferdem einen direkten Zugang zu den Autobahnachsen.<\/p>\n<p>Sein vielf\u00e4ltiges Angebot an Raum- und Aufnahmekapazit\u00e4ten erm\u00f6glicht es, auf alle Bed\u00fcrfnisse und Konfigurationen einzugehen: von den Privatr\u00e4umen des Europ\u00e4ischen Parlaments, die Vereinen zur Verf\u00fcgung gestellt werden, bis hin zu den vollst\u00e4ndig modulierbaren 1\u00a0000 m\u00b2 des imposanten <a href=\"https:\/\/www.bim-bistrot.eu\/de\/\" target=\"_blank\" rel=\"noopener\">Maillon<\/a>, die Kreativit\u00e4t ohne Grenzen bieten! Der benachbarte Multisportkomplex Rh\u00e9nus Sport, in dem der Basketballverein <a href=\"https:\/\/sigstrasbourg.fr\/seminaires\" target=\"_blank\" rel=\"noopener\">SIG Strasbourg<\/a> zu Hause ist, verf\u00fcgt ebenfalls \u00fcber ein originelles Angebot, das Raumvermietung und sportliche Teambildung-Aktivit\u00e4ten kombiniert.<\/p>\n<p>Seit Dezember 2022 bietet das <a href=\"https:\/\/www.marriott.com\/en-us\/hotels\/sxbar-ac-hotel-strasbourg\/overview\/\" target=\"_blank\" rel=\"noopener\">AC Hotel by Marriott<\/a> rund 170 Zimmer, erg\u00e4nzt durch 80 Einzimmerapartments und Suiten des R\u00e9sidence Inn by Marriott Strasbourg, sowie einen 170\u00a0m2 gro\u00dfen Seminarraum, <a href=\"https:\/\/ac-strasbourg.naoshotel.com\/en\/larchipel-restaurant\/\" target=\"_blank\" rel=\"noopener\">ein Restaurant und eine exklusive Skybar<\/a> mit einem atemberaubenden 360\u00b0-Rundumblick auf den Glockenturm des M\u00fcnsters und die D\u00e4cher der Stadt.<\/p>\n<p>Nur wenige Schritte entfernt befindet sich das emblematische <a href=\"https:\/\/www.hilton.com\/de\/hotels\/sxbhitw-hilton-strasbourg\/\" target=\"_blank\" rel=\"noopener\">Hilton<\/a> mit seinen 245 Zimmern und 16 S\u00e4len, die bei Cocktail-Bestuhlung bis zu 600 Personen aufnehmen k\u00f6nnen. Es grenzt an das fantastische neue Messegel\u00e4nde Parc Expo &#8211; aus der Feder von Kengo Kuma &#8211; und den 2016 renovierten und vergr\u00f6\u00dferten Palais de la Musique et des Congr\u00e8s (Musik- und Kongresspalast) &#8211; ein exklusiver Veranstaltungskomplex von 70\u00a0000 m2 unter der Verwaltung von Strasbourg Events.<\/p>\n<p><strong>Kontakt<\/strong><br \/>\n<a href=\"mailto:contact@mystrasbourg.com\">contact@mystrasbourg.com<\/a><br \/>\n+33 (0)3 88 13 41 30<br \/>\nMontag \u2013 Freitag:<br \/>\n8.30 \u2013 12.00 Uhr \/ 14.00 \u2013 18.00 Uhr<br \/>\n34 rue du Tivoli<br \/>\n67000 STRASBOURG FRANCE<\/p>\n","protected":false},"excerpt":{"rendered":"<p>Das Wacken-Viertel wird im Osten durch die Ill, im Westen durch die Avenue Herrenschmidt, im S\u00fcden durch den Place de<\/p>\n<div class=\"view-full-post\"><a href=\"https:\/\/www.meet-in-alsace.com\/de\/destination-strassburg-die-europaeische\/\" class=\"more-link\">+<\/a><\/div>\n","protected":false},"author":15,"featured_media":11063,"comment_status":"closed","ping_status":"closed","sticky":false,"template":"","format":"standard","meta":{"_et_pb_use_builder":"","_et_pb_old_content":"","_et_gb_content_width":"","inline_featured_image":false,"footnotes":""},"categories":[101],"tags":[],"class_list":["post-11060","post","type-post","status-publish","format-standard","has-post-thumbnail","hentry","category-strasbourg-de"],"yoast_head":"<!-- This site is optimized with the Yoast SEO plugin v27.4 - https:\/\/yoast.com\/product\/yoast-seo-wordpress\/ -->\n<title>Zoom auf das WACKEN-Viertel - Meet in Alsace<\/title>\n<meta name=\"robots\" content=\"index, follow, max-snippet:-1, max-image-preview:large, max-video-preview:-1\" \/>\n<link rel=\"canonical\" href=\"https:\/\/www.meet-in-alsace.com\/de\/destination-strassburg-die-europaeische\/\" \/>\n<meta property=\"og:locale\" content=\"de_DE\" \/>\n<meta property=\"og:type\" content=\"article\" \/>\n<meta property=\"og:title\" content=\"Zoom auf das WACKEN-Viertel - Meet in Alsace\" \/>\n<meta property=\"og:description\" content=\"Das Wacken-Viertel wird im Osten durch die Ill, im Westen durch die Avenue Herrenschmidt, im S\u00fcden durch den Place de+\" \/>\n<meta property=\"og:url\" content=\"https:\/\/www.meet-in-alsace.com\/de\/destination-strassburg-die-europaeische\/\" \/>\n<meta property=\"og:site_name\" content=\"Meet in Alsace\" \/>\n<meta property=\"article:publisher\" content=\"https:\/\/www.facebook.com\/MeetinAlsace\/\" \/>\n<meta property=\"article:published_time\" content=\"2024-01-22T15:38:07+00:00\" \/>\n<meta property=\"article:modified_time\" content=\"2024-01-23T16:14:43+00:00\" \/>\n<meta property=\"og:image\" content=\"https:\/\/www.meet-in-alsace.com\/wp-content\/uploads\/2023\/12\/couverture-pokaa-strasbourg-wacken-contades-parlement-europeen-architecture-credit-chloe-moulin.jpg\" \/>\n\t<meta property=\"og:image:width\" content=\"933\" \/>\n\t<meta property=\"og:image:height\" content=\"666\" \/>\n\t<meta property=\"og:image:type\" content=\"image\/jpeg\" \/>\n<meta name=\"author\" content=\"Isabelle Mainier\" \/>\n<meta name=\"twitter:label1\" content=\"Verfasst von\" \/>\n\t<meta name=\"twitter:data1\" content=\"Isabelle Mainier\" \/>\n\t<meta name=\"twitter:label2\" content=\"Gesch\u00e4tzte Lesezeit\" \/>\n\t<meta name=\"twitter:data2\" content=\"3\u00a0Minuten\" \/>\n<script type=\"application\/ld+json\" class=\"yoast-schema-graph\">{\"@context\":\"https:\\\/\\\/schema.org\",\"@graph\":[{\"@type\":\"Article\",\"@id\":\"https:\\\/\\\/www.meet-in-alsace.com\\\/de\\\/destination-strassburg-die-europaeische\\\/#article\",\"isPartOf\":{\"@id\":\"https:\\\/\\\/www.meet-in-alsace.com\\\/de\\\/destination-strassburg-die-europaeische\\\/\"},\"author\":{\"name\":\"Isabelle Mainier\",\"@id\":\"https:\\\/\\\/www.meet-in-alsace.com\\\/de\\\/#\\\/schema\\\/person\\\/0370b36f67344792337077f90f78874f\"},\"headline\":\"Zoom auf das WACKEN-Viertel\",\"datePublished\":\"2024-01-22T15:38:07+00:00\",\"dateModified\":\"2024-01-23T16:14:43+00:00\",\"mainEntityOfPage\":{\"@id\":\"https:\\\/\\\/www.meet-in-alsace.com\\\/de\\\/destination-strassburg-die-europaeische\\\/\"},\"wordCount\":382,\"publisher\":{\"@id\":\"https:\\\/\\\/www.meet-in-alsace.com\\\/de\\\/#organization\"},\"image\":{\"@id\":\"https:\\\/\\\/www.meet-in-alsace.com\\\/de\\\/destination-strassburg-die-europaeische\\\/#primaryimage\"},\"thumbnailUrl\":\"https:\\\/\\\/www.meet-in-alsace.com\\\/wp-content\\\/uploads\\\/2023\\\/12\\\/couverture-pokaa-strasbourg-wacken-contades-parlement-europeen-architecture-credit-chloe-moulin.jpg\",\"articleSection\":[\"Strasbourg\"],\"inLanguage\":\"de\"},{\"@type\":\"WebPage\",\"@id\":\"https:\\\/\\\/www.meet-in-alsace.com\\\/de\\\/destination-strassburg-die-europaeische\\\/\",\"url\":\"https:\\\/\\\/www.meet-in-alsace.com\\\/de\\\/destination-strassburg-die-europaeische\\\/\",\"name\":\"Zoom auf das WACKEN-Viertel - Meet in Alsace\",\"isPartOf\":{\"@id\":\"https:\\\/\\\/www.meet-in-alsace.com\\\/de\\\/#website\"},\"primaryImageOfPage\":{\"@id\":\"https:\\\/\\\/www.meet-in-alsace.com\\\/de\\\/destination-strassburg-die-europaeische\\\/#primaryimage\"},\"image\":{\"@id\":\"https:\\\/\\\/www.meet-in-alsace.com\\\/de\\\/destination-strassburg-die-europaeische\\\/#primaryimage\"},\"thumbnailUrl\":\"https:\\\/\\\/www.meet-in-alsace.com\\\/wp-content\\\/uploads\\\/2023\\\/12\\\/couverture-pokaa-strasbourg-wacken-contades-parlement-europeen-architecture-credit-chloe-moulin.jpg\",\"datePublished\":\"2024-01-22T15:38:07+00:00\",\"dateModified\":\"2024-01-23T16:14:43+00:00\",\"breadcrumb\":{\"@id\":\"https:\\\/\\\/www.meet-in-alsace.com\\\/de\\\/destination-strassburg-die-europaeische\\\/#breadcrumb\"},\"inLanguage\":\"de\",\"potentialAction\":[{\"@type\":\"ReadAction\",\"target\":[\"https:\\\/\\\/www.meet-in-alsace.com\\\/de\\\/destination-strassburg-die-europaeische\\\/\"]}]},{\"@type\":\"ImageObject\",\"inLanguage\":\"de\",\"@id\":\"https:\\\/\\\/www.meet-in-alsace.com\\\/de\\\/destination-strassburg-die-europaeische\\\/#primaryimage\",\"url\":\"https:\\\/\\\/www.meet-in-alsace.com\\\/wp-content\\\/uploads\\\/2023\\\/12\\\/couverture-pokaa-strasbourg-wacken-contades-parlement-europeen-architecture-credit-chloe-moulin.jpg\",\"contentUrl\":\"https:\\\/\\\/www.meet-in-alsace.com\\\/wp-content\\\/uploads\\\/2023\\\/12\\\/couverture-pokaa-strasbourg-wacken-contades-parlement-europeen-architecture-credit-chloe-moulin.jpg\",\"width\":933,\"height\":666},{\"@type\":\"BreadcrumbList\",\"@id\":\"https:\\\/\\\/www.meet-in-alsace.com\\\/de\\\/destination-strassburg-die-europaeische\\\/#breadcrumb\",\"itemListElement\":[{\"@type\":\"ListItem\",\"position\":1,\"name\":\"Meet In Alsace\",\"item\":\"https:\\\/\\\/www.meet-in-alsace.com\\\/de\\\/\"},{\"@type\":\"ListItem\",\"position\":2,\"name\":\"Zoom auf das WACKEN-Viertel\"}]},{\"@type\":\"WebSite\",\"@id\":\"https:\\\/\\\/www.meet-in-alsace.com\\\/de\\\/#website\",\"url\":\"https:\\\/\\\/www.meet-in-alsace.com\\\/de\\\/\",\"name\":\"Meet in Alsace\",\"description\":\"Ihr n\u00e4chstes Ziel f\u00fcr Kongress und Seminar\\r\\n\",\"publisher\":{\"@id\":\"https:\\\/\\\/www.meet-in-alsace.com\\\/de\\\/#organization\"},\"potentialAction\":[{\"@type\":\"SearchAction\",\"target\":{\"@type\":\"EntryPoint\",\"urlTemplate\":\"https:\\\/\\\/www.meet-in-alsace.com\\\/de\\\/?s={search_term_string}\"},\"query-input\":{\"@type\":\"PropertyValueSpecification\",\"valueRequired\":true,\"valueName\":\"search_term_string\"}}],\"inLanguage\":\"de\"},{\"@type\":\"Organization\",\"@id\":\"https:\\\/\\\/www.meet-in-alsace.com\\\/de\\\/#organization\",\"name\":\"Meet in Alsace\",\"url\":\"https:\\\/\\\/www.meet-in-alsace.com\\\/de\\\/\",\"logo\":{\"@type\":\"ImageObject\",\"inLanguage\":\"de\",\"@id\":\"https:\\\/\\\/www.meet-in-alsace.com\\\/de\\\/#\\\/schema\\\/logo\\\/image\\\/\",\"url\":\"https:\\\/\\\/www.meet-in-alsace.com\\\/wp-content\\\/uploads\\\/2016\\\/09\\\/meet-in-alsace.png\",\"contentUrl\":\"https:\\\/\\\/www.meet-in-alsace.com\\\/wp-content\\\/uploads\\\/2016\\\/09\\\/meet-in-alsace.png\",\"width\":303,\"height\":256,\"caption\":\"Meet in Alsace\"},\"image\":{\"@id\":\"https:\\\/\\\/www.meet-in-alsace.com\\\/de\\\/#\\\/schema\\\/logo\\\/image\\\/\"},\"sameAs\":[\"https:\\\/\\\/www.facebook.com\\\/MeetinAlsace\\\/\",\"https:\\\/\\\/x.com\\\/MeetinAlsace\",\"https:\\\/\\\/www.linkedin.com\\\/company\\\/meet-in-alsace\"]},{\"@type\":\"Person\",\"@id\":\"https:\\\/\\\/www.meet-in-alsace.com\\\/de\\\/#\\\/schema\\\/person\\\/0370b36f67344792337077f90f78874f\",\"name\":\"Isabelle Mainier\",\"image\":{\"@type\":\"ImageObject\",\"inLanguage\":\"de\",\"@id\":\"https:\\\/\\\/secure.gravatar.com\\\/avatar\\\/90052828b228a313110d219ccd0dad25088c636cbe31f34341236fc2786f1143?s=96&d=mm&r=g\",\"url\":\"https:\\\/\\\/secure.gravatar.com\\\/avatar\\\/90052828b228a313110d219ccd0dad25088c636cbe31f34341236fc2786f1143?s=96&d=mm&r=g\",\"contentUrl\":\"https:\\\/\\\/secure.gravatar.com\\\/avatar\\\/90052828b228a313110d219ccd0dad25088c636cbe31f34341236fc2786f1143?s=96&d=mm&r=g\",\"caption\":\"Isabelle Mainier\"},\"url\":\"https:\\\/\\\/www.meet-in-alsace.com\\\/de\\\/author\\\/admin-iza\\\/\"}]}<\/script>\n<!-- \/ Yoast SEO plugin. -->","yoast_head_json":{"title":"Zoom auf das WACKEN-Viertel - Meet in Alsace","robots":{"index":"index","follow":"follow","max-snippet":"max-snippet:-1","max-image-preview":"max-image-preview:large","max-video-preview":"max-video-preview:-1"},"canonical":"https:\/\/www.meet-in-alsace.com\/de\/destination-strassburg-die-europaeische\/","og_locale":"de_DE","og_type":"article","og_title":"Zoom auf das WACKEN-Viertel - Meet in Alsace","og_description":"Das Wacken-Viertel wird im Osten durch die Ill, im Westen durch die Avenue Herrenschmidt, im S\u00fcden durch den Place de+","og_url":"https:\/\/www.meet-in-alsace.com\/de\/destination-strassburg-die-europaeische\/","og_site_name":"Meet in Alsace","article_publisher":"https:\/\/www.facebook.com\/MeetinAlsace\/","article_published_time":"2024-01-22T15:38:07+00:00","article_modified_time":"2024-01-23T16:14:43+00:00","og_image":[{"width":933,"height":666,"url":"https:\/\/www.meet-in-alsace.com\/wp-content\/uploads\/2023\/12\/couverture-pokaa-strasbourg-wacken-contades-parlement-europeen-architecture-credit-chloe-moulin.jpg","type":"image\/jpeg"}],"author":"Isabelle Mainier","twitter_misc":{"Verfasst von":"Isabelle Mainier","Gesch\u00e4tzte Lesezeit":"3\u00a0Minuten"},"schema":{"@context":"https:\/\/schema.org","@graph":[{"@type":"Article","@id":"https:\/\/www.meet-in-alsace.com\/de\/destination-strassburg-die-europaeische\/#article","isPartOf":{"@id":"https:\/\/www.meet-in-alsace.com\/de\/destination-strassburg-die-europaeische\/"},"author":{"name":"Isabelle Mainier","@id":"https:\/\/www.meet-in-alsace.com\/de\/#\/schema\/person\/0370b36f67344792337077f90f78874f"},"headline":"Zoom auf das WACKEN-Viertel","datePublished":"2024-01-22T15:38:07+00:00","dateModified":"2024-01-23T16:14:43+00:00","mainEntityOfPage":{"@id":"https:\/\/www.meet-in-alsace.com\/de\/destination-strassburg-die-europaeische\/"},"wordCount":382,"publisher":{"@id":"https:\/\/www.meet-in-alsace.com\/de\/#organization"},"image":{"@id":"https:\/\/www.meet-in-alsace.com\/de\/destination-strassburg-die-europaeische\/#primaryimage"},"thumbnailUrl":"https:\/\/www.meet-in-alsace.com\/wp-content\/uploads\/2023\/12\/couverture-pokaa-strasbourg-wacken-contades-parlement-europeen-architecture-credit-chloe-moulin.jpg","articleSection":["Strasbourg"],"inLanguage":"de"},{"@type":"WebPage","@id":"https:\/\/www.meet-in-alsace.com\/de\/destination-strassburg-die-europaeische\/","url":"https:\/\/www.meet-in-alsace.com\/de\/destination-strassburg-die-europaeische\/","name":"Zoom auf das WACKEN-Viertel - Meet in Alsace","isPartOf":{"@id":"https:\/\/www.meet-in-alsace.com\/de\/#website"},"primaryImageOfPage":{"@id":"https:\/\/www.meet-in-alsace.com\/de\/destination-strassburg-die-europaeische\/#primaryimage"},"image":{"@id":"https:\/\/www.meet-in-alsace.com\/de\/destination-strassburg-die-europaeische\/#primaryimage"},"thumbnailUrl":"https:\/\/www.meet-in-alsace.com\/wp-content\/uploads\/2023\/12\/couverture-pokaa-strasbourg-wacken-contades-parlement-europeen-architecture-credit-chloe-moulin.jpg","datePublished":"2024-01-22T15:38:07+00:00","dateModified":"2024-01-23T16:14:43+00:00","breadcrumb":{"@id":"https:\/\/www.meet-in-alsace.com\/de\/destination-strassburg-die-europaeische\/#breadcrumb"},"inLanguage":"de","potentialAction":[{"@type":"ReadAction","target":["https:\/\/www.meet-in-alsace.com\/de\/destination-strassburg-die-europaeische\/"]}]},{"@type":"ImageObject","inLanguage":"de","@id":"https:\/\/www.meet-in-alsace.com\/de\/destination-strassburg-die-europaeische\/#primaryimage","url":"https:\/\/www.meet-in-alsace.com\/wp-content\/uploads\/2023\/12\/couverture-pokaa-strasbourg-wacken-contades-parlement-europeen-architecture-credit-chloe-moulin.jpg","contentUrl":"https:\/\/www.meet-in-alsace.com\/wp-content\/uploads\/2023\/12\/couverture-pokaa-strasbourg-wacken-contades-parlement-europeen-architecture-credit-chloe-moulin.jpg","width":933,"height":666},{"@type":"BreadcrumbList","@id":"https:\/\/www.meet-in-alsace.com\/de\/destination-strassburg-die-europaeische\/#breadcrumb","itemListElement":[{"@type":"ListItem","position":1,"name":"Meet In Alsace","item":"https:\/\/www.meet-in-alsace.com\/de\/"},{"@type":"ListItem","position":2,"name":"Zoom auf das WACKEN-Viertel"}]},{"@type":"WebSite","@id":"https:\/\/www.meet-in-alsace.com\/de\/#website","url":"https:\/\/www.meet-in-alsace.com\/de\/","name":"Meet in Alsace","description":"Ihr n\u00e4chstes Ziel f\u00fcr Kongress und Seminar\r\n","publisher":{"@id":"https:\/\/www.meet-in-alsace.com\/de\/#organization"},"potentialAction":[{"@type":"SearchAction","target":{"@type":"EntryPoint","urlTemplate":"https:\/\/www.meet-in-alsace.com\/de\/?s={search_term_string}"},"query-input":{"@type":"PropertyValueSpecification","valueRequired":true,"valueName":"search_term_string"}}],"inLanguage":"de"},{"@type":"Organization","@id":"https:\/\/www.meet-in-alsace.com\/de\/#organization","name":"Meet in Alsace","url":"https:\/\/www.meet-in-alsace.com\/de\/","logo":{"@type":"ImageObject","inLanguage":"de","@id":"https:\/\/www.meet-in-alsace.com\/de\/#\/schema\/logo\/image\/","url":"https:\/\/www.meet-in-alsace.com\/wp-content\/uploads\/2016\/09\/meet-in-alsace.png","contentUrl":"https:\/\/www.meet-in-alsace.com\/wp-content\/uploads\/2016\/09\/meet-in-alsace.png","width":303,"height":256,"caption":"Meet in Alsace"},"image":{"@id":"https:\/\/www.meet-in-alsace.com\/de\/#\/schema\/logo\/image\/"},"sameAs":["https:\/\/www.facebook.com\/MeetinAlsace\/","https:\/\/x.com\/MeetinAlsace","https:\/\/www.linkedin.com\/company\/meet-in-alsace"]},{"@type":"Person","@id":"https:\/\/www.meet-in-alsace.com\/de\/#\/schema\/person\/0370b36f67344792337077f90f78874f","name":"Isabelle Mainier","image":{"@type":"ImageObject","inLanguage":"de","@id":"https:\/\/secure.gravatar.com\/avatar\/90052828b228a313110d219ccd0dad25088c636cbe31f34341236fc2786f1143?s=96&d=mm&r=g","url":"https:\/\/secure.gravatar.com\/avatar\/90052828b228a313110d219ccd0dad25088c636cbe31f34341236fc2786f1143?s=96&d=mm&r=g","contentUrl":"https:\/\/secure.gravatar.com\/avatar\/90052828b228a313110d219ccd0dad25088c636cbe31f34341236fc2786f1143?s=96&d=mm&r=g","caption":"Isabelle Mainier"},"url":"https:\/\/www.meet-in-alsace.com\/de\/author\/admin-iza\/"}]}},"_links":{"self":[{"href":"https:\/\/www.meet-in-alsace.com\/de\/wp-json\/wp\/v2\/posts\/11060","targetHints":{"allow":["GET"]}}],"collection":[{"href":"https:\/\/www.meet-in-alsace.com\/de\/wp-json\/wp\/v2\/posts"}],"about":[{"href":"https:\/\/www.meet-in-alsace.com\/de\/wp-json\/wp\/v2\/types\/post"}],"author":[{"embeddable":true,"href":"https:\/\/www.meet-in-alsace.com\/de\/wp-json\/wp\/v2\/users\/15"}],"replies":[{"embeddable":true,"href":"https:\/\/www.meet-in-alsace.com\/de\/wp-json\/wp\/v2\/comments?post=11060"}],"version-history":[{"count":0,"href":"https:\/\/www.meet-in-alsace.com\/de\/wp-json\/wp\/v2\/posts\/11060\/revisions"}],"wp:featuredmedia":[{"embeddable":true,"href":"https:\/\/www.meet-in-alsace.com\/de\/wp-json\/wp\/v2\/media\/11063"}],"wp:attachment":[{"href":"https:\/\/www.meet-in-alsace.com\/de\/wp-json\/wp\/v2\/media?parent=11060"}],"wp:term":[{"taxonomy":"category","embeddable":true,"href":"https:\/\/www.meet-in-alsace.com\/de\/wp-json\/wp\/v2\/categories?post=11060"},{"taxonomy":"post_tag","embeddable":true,"href":"https:\/\/www.meet-in-alsace.com\/de\/wp-json\/wp\/v2\/tags?post=11060"}],"curies":[{"name":"wp","href":"https:\/\/api.w.org\/{rel}","templated":true}]}}