{"id":11103,"date":"2024-01-31T11:38:29","date_gmt":"2024-01-31T09:38:29","guid":{"rendered":"https:\/\/www.meet-in-alsace.com\/?p=11103"},"modified":"2024-01-31T11:38:29","modified_gmt":"2024-01-31T09:38:29","slug":"m2a-paris2024","status":"publish","type":"post","link":"https:\/\/www.meet-in-alsace.com\/de\/m2a-paris2024\/","title":{"rendered":"m2A, Gastgeberregion #Paris2024"},"content":{"rendered":"<p><strong>Mulhouse Alsace Agglom\u00e9ration (m2A) bereitet sich darauf vor, vom 10. Juli bis 4. August dieses Jahres \u00fcber 500 Athleten der panamerikanischen Delegation f\u00fcr ihr Training zur Vorbereitung auf die Olympischen Spiele zu empfangen.<\/strong><\/p>\n<p>#Paris2024, noch etwa 200 Tage &#8230; Und m2A steht bereits in den Startl\u00f6chern!<br \/>\nm2A, das zweitgr\u00f6\u00dfte Vorbereitungszentrum f\u00fcr olympische und paralympische Athleten in Frankreich, wurde von der panamerikanischen Delegation als Trainingsort f\u00fcr ihre Athleten ausgew\u00e4hlt. Vom 10. Juli bis 4. August begr\u00fc\u00dft das <a href=\"https:\/\/www.m2a.fr\/sports-loisirs\/ambition-jo-2024\/\" target=\"_blank\" rel=\"noopener\">Centre Sportif R\u00e9gional Alsace (CSRA)<\/a>, das regionale Sportzentrum des Elsass, fast 500 Personen.<\/p>\n<p>Die internationalen Spitzensportler werden ihr Training \u00fcberwiegend im Herzen der Sportanlage Plaine Sportive de l\u2019Ill in erstklassigen Sporteinrichtungen absolvieren k\u00f6nnen. Diese verteilen sich auf 17 Standorte und sind f\u00fcr die Aus\u00fcbung von 35 olympischen und paralympischen Sportarten geeignet.<\/p>\n<p><strong>Das olympische Feuer in Mulhouse, am 26. Juni<\/strong><br \/>\nDas CSRA, das mit dem G\u00fctesiegel <a href=\"https:\/\/www.insep.fr\/en\/reseaux\/grand-insep-label\" target=\"_blank\" rel=\"noopener\">Grand INSEP<\/a> ausgezeichnet ist, verf\u00fcgt ebenfalls \u00fcber ein Gesundheitszentrum zur physischen Betreuung der Spitzensportler, ohne seine Unterbringungs- und Verpflegungskapazit\u00e4ten, die vier Besprechungsr\u00e4ume und das Auditorium zu vergessen. Das Bureau de Congr\u00e8s de Mulhouse, der privilegierte Partner f\u00fcr dieses Spitzensportzentrum, das zur Ausstrahlung unserer Region beitr\u00e4gt, unterst\u00fctzt das CSRA bei der Betreuung der Delegationen. Es verwaltet die gesamte Abrechnung in Bezug auf Unterkunft, Verpflegung und Zugang zu den Sporteinrichtungen f\u00fcr die Athleten und ihre Mitarbeiter. Einige Trainingseinheiten k\u00f6nnten dar\u00fcber hinaus auch f\u00fcr junge Einwohner von Mulhouse und Mitglieder von Vereinen der verschiedenen Sportarten ge\u00f6ffnet werden.<br \/>\nF\u00fcr m2A ist die Teilnahme an #Paris2024 eine gro\u00dfe Ehre, und stolz bereitet er sich darauf vor, am 26. Juni die olympische Flamme zu begr\u00fc\u00dfen \u2026 Ein herausragendes Ereignis steht bevor.<\/p>\n<p><strong>Kontakt<\/strong><br \/>\n<a href=\"mailto:contact@mystrasbourg.com\">contact@mystrasbourg.com<\/a><br \/>\n+33 (0)3 88 13 41 30<br \/>\nMontag \u2013 Freitag:<br \/>\n8.30 \u2013 12.00 Uhr \/ 14.00 \u2013 18.00 Uhr<br \/>\n34 rue du Tivoli<br \/>\n67000 STRASBOURG FRANCE<\/p>\n","protected":false},"excerpt":{"rendered":"<p>Mulhouse Alsace Agglom\u00e9ration (m2A) bereitet sich darauf vor, vom 10. Juli bis 4. August dieses Jahres \u00fcber 500 Athleten der<\/p>\n<div class=\"view-full-post\"><a href=\"https:\/\/www.meet-in-alsace.com\/de\/m2a-paris2024\/\" class=\"more-link\">+<\/a><\/div>\n","protected":false},"author":15,"featured_media":11107,"comment_status":"closed","ping_status":"closed","sticky":false,"template":"","format":"standard","meta":{"_et_pb_use_builder":"","_et_pb_old_content":"","_et_gb_content_width":"","inline_featured_image":false,"footnotes":""},"categories":[99],"tags":[],"class_list":["post-11103","post","type-post","status-publish","format-standard","has-post-thumbnail","hentry","category-mulhouse-de"],"yoast_head":"<!-- This site is optimized with the Yoast SEO plugin v27.5 - https:\/\/yoast.com\/product\/yoast-seo-wordpress\/ -->\n<title>m2A, Gastgeberregion #Paris2024 - Meet in Alsace<\/title>\n<meta name=\"robots\" content=\"index, follow, max-snippet:-1, max-image-preview:large, max-video-preview:-1\" \/>\n<link rel=\"canonical\" href=\"https:\/\/www.meet-in-alsace.com\/de\/m2a-paris2024\/\" \/>\n<meta property=\"og:locale\" content=\"de_DE\" \/>\n<meta property=\"og:type\" content=\"article\" \/>\n<meta property=\"og:title\" content=\"m2A, Gastgeberregion #Paris2024 - Meet in Alsace\" \/>\n<meta property=\"og:description\" content=\"Mulhouse Alsace Agglom\u00e9ration (m2A) bereitet sich darauf vor, vom 10. Juli bis 4. August dieses Jahres \u00fcber 500 Athleten der+\" \/>\n<meta property=\"og:url\" content=\"https:\/\/www.meet-in-alsace.com\/de\/m2a-paris2024\/\" \/>\n<meta property=\"og:site_name\" content=\"Meet in Alsace\" \/>\n<meta property=\"article:publisher\" content=\"https:\/\/www.facebook.com\/MeetinAlsace\/\" \/>\n<meta property=\"article:published_time\" content=\"2024-01-31T09:38:29+00:00\" \/>\n<meta property=\"og:image\" content=\"https:\/\/www.meet-in-alsace.com\/wp-content\/uploads\/2024\/01\/MN_CRSA_002_m2A-ok.jpg\" \/>\n\t<meta property=\"og:image:width\" content=\"1500\" \/>\n\t<meta property=\"og:image:height\" content=\"843\" \/>\n\t<meta property=\"og:image:type\" content=\"image\/jpeg\" \/>\n<meta name=\"author\" content=\"Isabelle Mainier\" \/>\n<meta name=\"twitter:label1\" content=\"Verfasst von\" \/>\n\t<meta name=\"twitter:data1\" content=\"Isabelle Mainier\" \/>\n\t<meta name=\"twitter:label2\" content=\"Gesch\u00e4tzte Lesezeit\" \/>\n\t<meta name=\"twitter:data2\" content=\"2\u00a0Minuten\" \/>\n<script type=\"application\/ld+json\" class=\"yoast-schema-graph\">{\"@context\":\"https:\\\/\\\/schema.org\",\"@graph\":[{\"@type\":\"Article\",\"@id\":\"https:\\\/\\\/www.meet-in-alsace.com\\\/de\\\/m2a-paris2024\\\/#article\",\"isPartOf\":{\"@id\":\"https:\\\/\\\/www.meet-in-alsace.com\\\/de\\\/m2a-paris2024\\\/\"},\"author\":{\"name\":\"Isabelle Mainier\",\"@id\":\"https:\\\/\\\/www.meet-in-alsace.com\\\/de\\\/#\\\/schema\\\/person\\\/0370b36f67344792337077f90f78874f\"},\"headline\":\"m2A, Gastgeberregion #Paris2024\",\"datePublished\":\"2024-01-31T09:38:29+00:00\",\"mainEntityOfPage\":{\"@id\":\"https:\\\/\\\/www.meet-in-alsace.com\\\/de\\\/m2a-paris2024\\\/\"},\"wordCount\":303,\"publisher\":{\"@id\":\"https:\\\/\\\/www.meet-in-alsace.com\\\/de\\\/#organization\"},\"image\":{\"@id\":\"https:\\\/\\\/www.meet-in-alsace.com\\\/de\\\/m2a-paris2024\\\/#primaryimage\"},\"thumbnailUrl\":\"https:\\\/\\\/www.meet-in-alsace.com\\\/wp-content\\\/uploads\\\/2024\\\/01\\\/MN_CRSA_002_m2A-ok.jpg\",\"articleSection\":[\"Mulhouse\"],\"inLanguage\":\"de\"},{\"@type\":\"WebPage\",\"@id\":\"https:\\\/\\\/www.meet-in-alsace.com\\\/de\\\/m2a-paris2024\\\/\",\"url\":\"https:\\\/\\\/www.meet-in-alsace.com\\\/de\\\/m2a-paris2024\\\/\",\"name\":\"m2A, Gastgeberregion #Paris2024 - Meet in Alsace\",\"isPartOf\":{\"@id\":\"https:\\\/\\\/www.meet-in-alsace.com\\\/de\\\/#website\"},\"primaryImageOfPage\":{\"@id\":\"https:\\\/\\\/www.meet-in-alsace.com\\\/de\\\/m2a-paris2024\\\/#primaryimage\"},\"image\":{\"@id\":\"https:\\\/\\\/www.meet-in-alsace.com\\\/de\\\/m2a-paris2024\\\/#primaryimage\"},\"thumbnailUrl\":\"https:\\\/\\\/www.meet-in-alsace.com\\\/wp-content\\\/uploads\\\/2024\\\/01\\\/MN_CRSA_002_m2A-ok.jpg\",\"datePublished\":\"2024-01-31T09:38:29+00:00\",\"breadcrumb\":{\"@id\":\"https:\\\/\\\/www.meet-in-alsace.com\\\/de\\\/m2a-paris2024\\\/#breadcrumb\"},\"inLanguage\":\"de\",\"potentialAction\":[{\"@type\":\"ReadAction\",\"target\":[\"https:\\\/\\\/www.meet-in-alsace.com\\\/de\\\/m2a-paris2024\\\/\"]}]},{\"@type\":\"ImageObject\",\"inLanguage\":\"de\",\"@id\":\"https:\\\/\\\/www.meet-in-alsace.com\\\/de\\\/m2a-paris2024\\\/#primaryimage\",\"url\":\"https:\\\/\\\/www.meet-in-alsace.com\\\/wp-content\\\/uploads\\\/2024\\\/01\\\/MN_CRSA_002_m2A-ok.jpg\",\"contentUrl\":\"https:\\\/\\\/www.meet-in-alsace.com\\\/wp-content\\\/uploads\\\/2024\\\/01\\\/MN_CRSA_002_m2A-ok.jpg\",\"width\":1500,\"height\":843},{\"@type\":\"BreadcrumbList\",\"@id\":\"https:\\\/\\\/www.meet-in-alsace.com\\\/de\\\/m2a-paris2024\\\/#breadcrumb\",\"itemListElement\":[{\"@type\":\"ListItem\",\"position\":1,\"name\":\"Meet In Alsace\",\"item\":\"https:\\\/\\\/www.meet-in-alsace.com\\\/de\\\/\"},{\"@type\":\"ListItem\",\"position\":2,\"name\":\"m2A, Gastgeberregion #Paris2024\"}]},{\"@type\":\"WebSite\",\"@id\":\"https:\\\/\\\/www.meet-in-alsace.com\\\/de\\\/#website\",\"url\":\"https:\\\/\\\/www.meet-in-alsace.com\\\/de\\\/\",\"name\":\"Meet in Alsace\",\"description\":\"Ihr n\u00e4chstes Ziel f\u00fcr Kongress und Seminar\\r\\n\",\"publisher\":{\"@id\":\"https:\\\/\\\/www.meet-in-alsace.com\\\/de\\\/#organization\"},\"potentialAction\":[{\"@type\":\"SearchAction\",\"target\":{\"@type\":\"EntryPoint\",\"urlTemplate\":\"https:\\\/\\\/www.meet-in-alsace.com\\\/de\\\/?s={search_term_string}\"},\"query-input\":{\"@type\":\"PropertyValueSpecification\",\"valueRequired\":true,\"valueName\":\"search_term_string\"}}],\"inLanguage\":\"de\"},{\"@type\":\"Organization\",\"@id\":\"https:\\\/\\\/www.meet-in-alsace.com\\\/de\\\/#organization\",\"name\":\"Meet in Alsace\",\"url\":\"https:\\\/\\\/www.meet-in-alsace.com\\\/de\\\/\",\"logo\":{\"@type\":\"ImageObject\",\"inLanguage\":\"de\",\"@id\":\"https:\\\/\\\/www.meet-in-alsace.com\\\/de\\\/#\\\/schema\\\/logo\\\/image\\\/\",\"url\":\"https:\\\/\\\/www.meet-in-alsace.com\\\/wp-content\\\/uploads\\\/2016\\\/09\\\/meet-in-alsace.png\",\"contentUrl\":\"https:\\\/\\\/www.meet-in-alsace.com\\\/wp-content\\\/uploads\\\/2016\\\/09\\\/meet-in-alsace.png\",\"width\":303,\"height\":256,\"caption\":\"Meet in Alsace\"},\"image\":{\"@id\":\"https:\\\/\\\/www.meet-in-alsace.com\\\/de\\\/#\\\/schema\\\/logo\\\/image\\\/\"},\"sameAs\":[\"https:\\\/\\\/www.facebook.com\\\/MeetinAlsace\\\/\",\"https:\\\/\\\/x.com\\\/MeetinAlsace\",\"https:\\\/\\\/www.linkedin.com\\\/company\\\/meet-in-alsace\"]},{\"@type\":\"Person\",\"@id\":\"https:\\\/\\\/www.meet-in-alsace.com\\\/de\\\/#\\\/schema\\\/person\\\/0370b36f67344792337077f90f78874f\",\"name\":\"Isabelle Mainier\",\"image\":{\"@type\":\"ImageObject\",\"inLanguage\":\"de\",\"@id\":\"https:\\\/\\\/secure.gravatar.com\\\/avatar\\\/90052828b228a313110d219ccd0dad25088c636cbe31f34341236fc2786f1143?s=96&d=mm&r=g\",\"url\":\"https:\\\/\\\/secure.gravatar.com\\\/avatar\\\/90052828b228a313110d219ccd0dad25088c636cbe31f34341236fc2786f1143?s=96&d=mm&r=g\",\"contentUrl\":\"https:\\\/\\\/secure.gravatar.com\\\/avatar\\\/90052828b228a313110d219ccd0dad25088c636cbe31f34341236fc2786f1143?s=96&d=mm&r=g\",\"caption\":\"Isabelle Mainier\"},\"url\":\"https:\\\/\\\/www.meet-in-alsace.com\\\/de\\\/author\\\/admin-iza\\\/\"}]}<\/script>\n<!-- \/ Yoast SEO plugin. -->","yoast_head_json":{"title":"m2A, Gastgeberregion #Paris2024 - Meet in Alsace","robots":{"index":"index","follow":"follow","max-snippet":"max-snippet:-1","max-image-preview":"max-image-preview:large","max-video-preview":"max-video-preview:-1"},"canonical":"https:\/\/www.meet-in-alsace.com\/de\/m2a-paris2024\/","og_locale":"de_DE","og_type":"article","og_title":"m2A, Gastgeberregion #Paris2024 - Meet in Alsace","og_description":"Mulhouse Alsace Agglom\u00e9ration (m2A) bereitet sich darauf vor, vom 10. Juli bis 4. August dieses Jahres \u00fcber 500 Athleten der+","og_url":"https:\/\/www.meet-in-alsace.com\/de\/m2a-paris2024\/","og_site_name":"Meet in Alsace","article_publisher":"https:\/\/www.facebook.com\/MeetinAlsace\/","article_published_time":"2024-01-31T09:38:29+00:00","og_image":[{"width":1500,"height":843,"url":"https:\/\/www.meet-in-alsace.com\/wp-content\/uploads\/2024\/01\/MN_CRSA_002_m2A-ok.jpg","type":"image\/jpeg"}],"author":"Isabelle Mainier","twitter_misc":{"Verfasst von":"Isabelle Mainier","Gesch\u00e4tzte Lesezeit":"2\u00a0Minuten"},"schema":{"@context":"https:\/\/schema.org","@graph":[{"@type":"Article","@id":"https:\/\/www.meet-in-alsace.com\/de\/m2a-paris2024\/#article","isPartOf":{"@id":"https:\/\/www.meet-in-alsace.com\/de\/m2a-paris2024\/"},"author":{"name":"Isabelle Mainier","@id":"https:\/\/www.meet-in-alsace.com\/de\/#\/schema\/person\/0370b36f67344792337077f90f78874f"},"headline":"m2A, Gastgeberregion #Paris2024","datePublished":"2024-01-31T09:38:29+00:00","mainEntityOfPage":{"@id":"https:\/\/www.meet-in-alsace.com\/de\/m2a-paris2024\/"},"wordCount":303,"publisher":{"@id":"https:\/\/www.meet-in-alsace.com\/de\/#organization"},"image":{"@id":"https:\/\/www.meet-in-alsace.com\/de\/m2a-paris2024\/#primaryimage"},"thumbnailUrl":"https:\/\/www.meet-in-alsace.com\/wp-content\/uploads\/2024\/01\/MN_CRSA_002_m2A-ok.jpg","articleSection":["Mulhouse"],"inLanguage":"de"},{"@type":"WebPage","@id":"https:\/\/www.meet-in-alsace.com\/de\/m2a-paris2024\/","url":"https:\/\/www.meet-in-alsace.com\/de\/m2a-paris2024\/","name":"m2A, Gastgeberregion #Paris2024 - Meet in Alsace","isPartOf":{"@id":"https:\/\/www.meet-in-alsace.com\/de\/#website"},"primaryImageOfPage":{"@id":"https:\/\/www.meet-in-alsace.com\/de\/m2a-paris2024\/#primaryimage"},"image":{"@id":"https:\/\/www.meet-in-alsace.com\/de\/m2a-paris2024\/#primaryimage"},"thumbnailUrl":"https:\/\/www.meet-in-alsace.com\/wp-content\/uploads\/2024\/01\/MN_CRSA_002_m2A-ok.jpg","datePublished":"2024-01-31T09:38:29+00:00","breadcrumb":{"@id":"https:\/\/www.meet-in-alsace.com\/de\/m2a-paris2024\/#breadcrumb"},"inLanguage":"de","potentialAction":[{"@type":"ReadAction","target":["https:\/\/www.meet-in-alsace.com\/de\/m2a-paris2024\/"]}]},{"@type":"ImageObject","inLanguage":"de","@id":"https:\/\/www.meet-in-alsace.com\/de\/m2a-paris2024\/#primaryimage","url":"https:\/\/www.meet-in-alsace.com\/wp-content\/uploads\/2024\/01\/MN_CRSA_002_m2A-ok.jpg","contentUrl":"https:\/\/www.meet-in-alsace.com\/wp-content\/uploads\/2024\/01\/MN_CRSA_002_m2A-ok.jpg","width":1500,"height":843},{"@type":"BreadcrumbList","@id":"https:\/\/www.meet-in-alsace.com\/de\/m2a-paris2024\/#breadcrumb","itemListElement":[{"@type":"ListItem","position":1,"name":"Meet In Alsace","item":"https:\/\/www.meet-in-alsace.com\/de\/"},{"@type":"ListItem","position":2,"name":"m2A, Gastgeberregion #Paris2024"}]},{"@type":"WebSite","@id":"https:\/\/www.meet-in-alsace.com\/de\/#website","url":"https:\/\/www.meet-in-alsace.com\/de\/","name":"Meet in Alsace","description":"Ihr n\u00e4chstes Ziel f\u00fcr Kongress und Seminar\r\n","publisher":{"@id":"https:\/\/www.meet-in-alsace.com\/de\/#organization"},"potentialAction":[{"@type":"SearchAction","target":{"@type":"EntryPoint","urlTemplate":"https:\/\/www.meet-in-alsace.com\/de\/?s={search_term_string}"},"query-input":{"@type":"PropertyValueSpecification","valueRequired":true,"valueName":"search_term_string"}}],"inLanguage":"de"},{"@type":"Organization","@id":"https:\/\/www.meet-in-alsace.com\/de\/#organization","name":"Meet in Alsace","url":"https:\/\/www.meet-in-alsace.com\/de\/","logo":{"@type":"ImageObject","inLanguage":"de","@id":"https:\/\/www.meet-in-alsace.com\/de\/#\/schema\/logo\/image\/","url":"https:\/\/www.meet-in-alsace.com\/wp-content\/uploads\/2016\/09\/meet-in-alsace.png","contentUrl":"https:\/\/www.meet-in-alsace.com\/wp-content\/uploads\/2016\/09\/meet-in-alsace.png","width":303,"height":256,"caption":"Meet in Alsace"},"image":{"@id":"https:\/\/www.meet-in-alsace.com\/de\/#\/schema\/logo\/image\/"},"sameAs":["https:\/\/www.facebook.com\/MeetinAlsace\/","https:\/\/x.com\/MeetinAlsace","https:\/\/www.linkedin.com\/company\/meet-in-alsace"]},{"@type":"Person","@id":"https:\/\/www.meet-in-alsace.com\/de\/#\/schema\/person\/0370b36f67344792337077f90f78874f","name":"Isabelle Mainier","image":{"@type":"ImageObject","inLanguage":"de","@id":"https:\/\/secure.gravatar.com\/avatar\/90052828b228a313110d219ccd0dad25088c636cbe31f34341236fc2786f1143?s=96&d=mm&r=g","url":"https:\/\/secure.gravatar.com\/avatar\/90052828b228a313110d219ccd0dad25088c636cbe31f34341236fc2786f1143?s=96&d=mm&r=g","contentUrl":"https:\/\/secure.gravatar.com\/avatar\/90052828b228a313110d219ccd0dad25088c636cbe31f34341236fc2786f1143?s=96&d=mm&r=g","caption":"Isabelle Mainier"},"url":"https:\/\/www.meet-in-alsace.com\/de\/author\/admin-iza\/"}]}},"_links":{"self":[{"href":"https:\/\/www.meet-in-alsace.com\/de\/wp-json\/wp\/v2\/posts\/11103","targetHints":{"allow":["GET"]}}],"collection":[{"href":"https:\/\/www.meet-in-alsace.com\/de\/wp-json\/wp\/v2\/posts"}],"about":[{"href":"https:\/\/www.meet-in-alsace.com\/de\/wp-json\/wp\/v2\/types\/post"}],"author":[{"embeddable":true,"href":"https:\/\/www.meet-in-alsace.com\/de\/wp-json\/wp\/v2\/users\/15"}],"replies":[{"embeddable":true,"href":"https:\/\/www.meet-in-alsace.com\/de\/wp-json\/wp\/v2\/comments?post=11103"}],"version-history":[{"count":0,"href":"https:\/\/www.meet-in-alsace.com\/de\/wp-json\/wp\/v2\/posts\/11103\/revisions"}],"wp:featuredmedia":[{"embeddable":true,"href":"https:\/\/www.meet-in-alsace.com\/de\/wp-json\/wp\/v2\/media\/11107"}],"wp:attachment":[{"href":"https:\/\/www.meet-in-alsace.com\/de\/wp-json\/wp\/v2\/media?parent=11103"}],"wp:term":[{"taxonomy":"category","embeddable":true,"href":"https:\/\/www.meet-in-alsace.com\/de\/wp-json\/wp\/v2\/categories?post=11103"},{"taxonomy":"post_tag","embeddable":true,"href":"https:\/\/www.meet-in-alsace.com\/de\/wp-json\/wp\/v2\/tags?post=11103"}],"curies":[{"name":"wp","href":"https:\/\/api.w.org\/{rel}","templated":true}]}}