{"id":11341,"date":"2024-06-12T10:29:18","date_gmt":"2024-06-12T08:29:18","guid":{"rendered":"https:\/\/www.meet-in-alsace.com\/?p=11341"},"modified":"2024-06-12T10:29:18","modified_gmt":"2024-06-12T08:29:18","slug":"deux-nouveaux-hotels-a-mulhouse-accedent-au-precieux-sesame-clef-verte","status":"publish","type":"post","link":"https:\/\/www.meet-in-alsace.com\/de\/deux-nouveaux-hotels-a-mulhouse-accedent-au-precieux-sesame-clef-verte\/","title":{"rendered":"Zwei weitere Hotels in Mulhouse erhalten das prestigetr\u00e4chtige G\u00fctesiegel Clef Verte!"},"content":{"rendered":"<p>Das internationale Umweltzeichen <a href=\"https:\/\/www.laclefverte.org\/\" target=\"_blank\" rel=\"noopener\">Clef Verte<\/a>, das 1998 in Frankreich eingef\u00fchrt wurde, ist das f\u00fchrende G\u00fctezeichen f\u00fcr nachhaltigen Tourismus f\u00fcr Beherbergungsbetriebe und Restaurants.<br \/>\nEinrichtungen wie Hotels, Campingpl\u00e4tze, Ferienh\u00e4user, Ferienwohnungen, G\u00e4stezimmer, Ferienwohnanlagen, Feriend\u00f6rfer, Jugendherbergen, Restaurants usw. verpflichten sich als Tr\u00e4ger dieses Umweltzeichens zu einem nachhaltigen Tourismuskonzept.<\/p>\n<p>Konkret bedeutet dies die Umsetzung einer umfassenden Umweltpolitik in Verbindung mit einer verantwortungsvollen Sozialpolitik, eine intelligente Abfallwirtschaft (Verringerung an der Quelle, Sammelmethoden, Recycling), die Kontrolle von Energie- und Wasserverbrauch, verantwortungsbewusster Einkauf und Ma\u00dfnahmen zur Sensibilisierung der Kunden &#8230;<\/p>\n<p>Anfang 2024 wurden zwei neue Hotels im Gro\u00dfraum Mulhouse in das Netz der zertifizierten Betriebe aufgenommen (<a href=\"https:\/\/www.domaine-hirtz.com\/de\/\" target=\"_blank\" rel=\"noopener\">Domaine du Hirtz<\/a>, <a href=\"https:\/\/www.holidayinn-mulhouse.com\/\" target=\"_blank\" rel=\"noopener\">Holiday Inn Mulhouse<\/a>, <a href=\"https:\/\/www.bestwestern-chevalblanc.com\/de\/\" target=\"_blank\" rel=\"noopener\">Best Western Cheval Blanc Mulhouse Nord<\/a>)<\/p>\n<p><b>Novotel Mulhouse B\u00e2le Fribourg<\/b><\/p>\n<p>Im Herzen des Dreil\u00e4nderecks Frankreich, Deutschland, Schweiz bietet das <a href=\"https:\/\/all.accor.com\/hotel\/0452\/index.fr.shtml\" target=\"_blank\" rel=\"noopener\">Novotel Mulhouse<\/a> alles, was G\u00e4ste f\u00fcr einen Natur-, Kultur- oder Stadtaufenthalt ben\u00f6tigen.<\/p>\n<p>Das Hotel zeichnet sich vor allem durch seine umfangreichen Engagements f\u00fcr die Umwelt aus, die zu den 120 Kriterien des G\u00fctezeichens Clef Verte geh\u00f6ren. So gibt es beispielsweise Bienenst\u00f6cke im Garten, die k\u00f6stlichen Honig f\u00fcr das Fr\u00fchst\u00fcck liefern, Bioabfallsammlung mit dem Fahrrad, ausschlie\u00dfliche Verwendung von wiederaufladbaren Batterien und Durchflussbegrenzer, die den Wasserverbrauch auf maximal 8 Liter pro Minute begrenzen. Dar\u00fcber hinaus richtet das Hotel f\u00fcr jede von den G\u00e4sten nicht in Anspruch angenommene Zimmerreinigung Spenden an die Organisation <a href=\"https:\/\/mecenat-cardiaque.org\/en\/\" target=\"_blank\" rel=\"noopener\">M\u00e9c\u00e9nat Chirurgie Cardiaque<\/a>, sodass pro 2\u00a0000 ausgelassenen Zimmerreinigungen eine Herzoperation f\u00fcr ein Kind finanziert werden kann!<\/p>\n<p><img decoding=\"async\" class=\"alignnone size-full wp-image-11343\" src=\"https:\/\/www.meet-in-alsace.com\/wp-content\/uploads\/2024\/04\/1521-37-r-\u00a9Novotel-Mulhouse-Bale-Fribourg.jpg\" alt=\"\" width=\"1146\" height=\"765\" \/><\/p>\n<p><b>Best Western Mulhouse Salvator Centre<\/b><\/p>\n<p>Ideal im Zentrum gelegen, nur wenige Schritte vom Parc Salvator und den touristischen Attraktionen sowie 10 Gehminuten vom SNCF-Bahnhof entfernt, bietet das 2022 renovierte <a href=\"https:\/\/www.hotel-mulhouse-salvator-centre.fr\/en\/\" target=\"_blank\" rel=\"noopener\">Hotel<\/a> seinen G\u00e4sten alle modernen Annehmlichkeiten.<\/p>\n<p>Zu seinen nachhaltigen Engagements z\u00e4hlen die Trennung von Bioabf\u00e4llen \u00fcber <a href=\"https:\/\/fr.linkedin.com\/company\/recycle-mulhouse?trk=public_post-text\" target=\"_blank\" rel=\"noopener\">Recycle<\/a>, die Aufbereitung von gebrauchten Seifen durch <a href=\"https:\/\/germany.sapocycle.org\/\" target=\"_blank\" rel=\"noopener\">SapoCycle<\/a> und der Verzicht auf Einwegprodukte. Um die Lebensmittelverschwendung zu begrenzen, nutzt das Hotel ebenfalls die App der Lebensmittelk\u00f6rbe <a href=\"https:\/\/www.toogoodtogo.com\/de\" target=\"_blank\" rel=\"noopener\">Too Good To Go<\/a>.<br \/>\nDie Wasserh\u00e4hne sind f\u00fcr eine nachhaltige Wassernutzung mit Durchflussbegrenzern ausgestattet, und das Personal wird im richtigen Gebrauch von Haushaltsger\u00e4ten und nat\u00fcrlichen Reinigungsmitteln geschult. Die \u00f6ffentlichen Bereiche sind mit Bewegungsmeldern ausgestattet, um eine optimale Beleuchtung zu garantieren.<br \/>\nAls weitere Ma\u00dfnahme wurde die Minibar in den Zimmern durch einen Gemeinschaftsk\u00fchlschrank an der Rezeption ersetzt.<\/p>\n","protected":false},"excerpt":{"rendered":"<p>Das internationale Umweltzeichen Clef Verte, das 1998 in Frankreich eingef\u00fchrt wurde, ist das f\u00fchrende G\u00fctezeichen f\u00fcr nachhaltigen Tourismus f\u00fcr Beherbergungsbetriebe<\/p>\n<div class=\"view-full-post\"><a href=\"https:\/\/www.meet-in-alsace.com\/de\/deux-nouveaux-hotels-a-mulhouse-accedent-au-precieux-sesame-clef-verte\/\" class=\"more-link\">+<\/a><\/div>\n","protected":false},"author":15,"featured_media":11348,"comment_status":"closed","ping_status":"closed","sticky":false,"template":"","format":"standard","meta":{"_et_pb_use_builder":"","_et_pb_old_content":"","_et_gb_content_width":"","inline_featured_image":false,"footnotes":""},"categories":[99],"tags":[],"class_list":["post-11341","post","type-post","status-publish","format-standard","has-post-thumbnail","hentry","category-mulhouse-de"],"yoast_head":"<!-- This site is optimized with the Yoast SEO plugin v27.4 - https:\/\/yoast.com\/product\/yoast-seo-wordpress\/ -->\n<title>Zwei weitere Hotels in Mulhouse erhalten das prestigetr\u00e4chtige G\u00fctesiegel Clef Verte! - Meet in Alsace<\/title>\n<meta name=\"robots\" content=\"index, follow, max-snippet:-1, max-image-preview:large, max-video-preview:-1\" \/>\n<link rel=\"canonical\" href=\"https:\/\/www.meet-in-alsace.com\/de\/deux-nouveaux-hotels-a-mulhouse-accedent-au-precieux-sesame-clef-verte\/\" \/>\n<meta property=\"og:locale\" content=\"de_DE\" \/>\n<meta property=\"og:type\" content=\"article\" \/>\n<meta property=\"og:title\" content=\"Zwei weitere Hotels in Mulhouse erhalten das prestigetr\u00e4chtige G\u00fctesiegel Clef Verte! - Meet in Alsace\" \/>\n<meta property=\"og:description\" content=\"Das internationale Umweltzeichen Clef Verte, das 1998 in Frankreich eingef\u00fchrt wurde, ist das f\u00fchrende G\u00fctezeichen f\u00fcr nachhaltigen Tourismus f\u00fcr Beherbergungsbetriebe+\" \/>\n<meta property=\"og:url\" content=\"https:\/\/www.meet-in-alsace.com\/de\/deux-nouveaux-hotels-a-mulhouse-accedent-au-precieux-sesame-clef-verte\/\" \/>\n<meta property=\"og:site_name\" content=\"Meet in Alsace\" \/>\n<meta property=\"article:publisher\" content=\"https:\/\/www.facebook.com\/MeetinAlsace\/\" \/>\n<meta property=\"article:published_time\" content=\"2024-06-12T08:29:18+00:00\" \/>\n<meta property=\"og:image\" content=\"https:\/\/www.meet-in-alsace.com\/wp-content\/uploads\/2024\/04\/HOTEL-2\u00a9Best-Western-Salvator-Centre-Mulhouse.jpg\" \/>\n\t<meta property=\"og:image:width\" content=\"1000\" \/>\n\t<meta property=\"og:image:height\" content=\"667\" \/>\n\t<meta property=\"og:image:type\" content=\"image\/jpeg\" \/>\n<meta name=\"author\" content=\"Isabelle Mainier\" \/>\n<meta name=\"twitter:label1\" content=\"Verfasst von\" \/>\n\t<meta name=\"twitter:data1\" content=\"Isabelle Mainier\" \/>\n\t<meta name=\"twitter:label2\" content=\"Gesch\u00e4tzte Lesezeit\" \/>\n\t<meta name=\"twitter:data2\" content=\"3\u00a0Minuten\" \/>\n<script type=\"application\/ld+json\" class=\"yoast-schema-graph\">{\"@context\":\"https:\\\/\\\/schema.org\",\"@graph\":[{\"@type\":\"Article\",\"@id\":\"https:\\\/\\\/www.meet-in-alsace.com\\\/de\\\/deux-nouveaux-hotels-a-mulhouse-accedent-au-precieux-sesame-clef-verte\\\/#article\",\"isPartOf\":{\"@id\":\"https:\\\/\\\/www.meet-in-alsace.com\\\/de\\\/deux-nouveaux-hotels-a-mulhouse-accedent-au-precieux-sesame-clef-verte\\\/\"},\"author\":{\"name\":\"Isabelle Mainier\",\"@id\":\"https:\\\/\\\/www.meet-in-alsace.com\\\/de\\\/#\\\/schema\\\/person\\\/0370b36f67344792337077f90f78874f\"},\"headline\":\"Zwei weitere Hotels in Mulhouse erhalten das prestigetr\u00e4chtige G\u00fctesiegel Clef Verte!\",\"datePublished\":\"2024-06-12T08:29:18+00:00\",\"mainEntityOfPage\":{\"@id\":\"https:\\\/\\\/www.meet-in-alsace.com\\\/de\\\/deux-nouveaux-hotels-a-mulhouse-accedent-au-precieux-sesame-clef-verte\\\/\"},\"wordCount\":403,\"publisher\":{\"@id\":\"https:\\\/\\\/www.meet-in-alsace.com\\\/de\\\/#organization\"},\"image\":{\"@id\":\"https:\\\/\\\/www.meet-in-alsace.com\\\/de\\\/deux-nouveaux-hotels-a-mulhouse-accedent-au-precieux-sesame-clef-verte\\\/#primaryimage\"},\"thumbnailUrl\":\"https:\\\/\\\/www.meet-in-alsace.com\\\/wp-content\\\/uploads\\\/2024\\\/04\\\/HOTEL-2\u00a9Best-Western-Salvator-Centre-Mulhouse.jpg\",\"articleSection\":[\"Mulhouse\"],\"inLanguage\":\"de\"},{\"@type\":\"WebPage\",\"@id\":\"https:\\\/\\\/www.meet-in-alsace.com\\\/de\\\/deux-nouveaux-hotels-a-mulhouse-accedent-au-precieux-sesame-clef-verte\\\/\",\"url\":\"https:\\\/\\\/www.meet-in-alsace.com\\\/de\\\/deux-nouveaux-hotels-a-mulhouse-accedent-au-precieux-sesame-clef-verte\\\/\",\"name\":\"Zwei weitere Hotels in Mulhouse erhalten das prestigetr\u00e4chtige G\u00fctesiegel Clef Verte! - Meet in Alsace\",\"isPartOf\":{\"@id\":\"https:\\\/\\\/www.meet-in-alsace.com\\\/de\\\/#website\"},\"primaryImageOfPage\":{\"@id\":\"https:\\\/\\\/www.meet-in-alsace.com\\\/de\\\/deux-nouveaux-hotels-a-mulhouse-accedent-au-precieux-sesame-clef-verte\\\/#primaryimage\"},\"image\":{\"@id\":\"https:\\\/\\\/www.meet-in-alsace.com\\\/de\\\/deux-nouveaux-hotels-a-mulhouse-accedent-au-precieux-sesame-clef-verte\\\/#primaryimage\"},\"thumbnailUrl\":\"https:\\\/\\\/www.meet-in-alsace.com\\\/wp-content\\\/uploads\\\/2024\\\/04\\\/HOTEL-2\u00a9Best-Western-Salvator-Centre-Mulhouse.jpg\",\"datePublished\":\"2024-06-12T08:29:18+00:00\",\"breadcrumb\":{\"@id\":\"https:\\\/\\\/www.meet-in-alsace.com\\\/de\\\/deux-nouveaux-hotels-a-mulhouse-accedent-au-precieux-sesame-clef-verte\\\/#breadcrumb\"},\"inLanguage\":\"de\",\"potentialAction\":[{\"@type\":\"ReadAction\",\"target\":[\"https:\\\/\\\/www.meet-in-alsace.com\\\/de\\\/deux-nouveaux-hotels-a-mulhouse-accedent-au-precieux-sesame-clef-verte\\\/\"]}]},{\"@type\":\"ImageObject\",\"inLanguage\":\"de\",\"@id\":\"https:\\\/\\\/www.meet-in-alsace.com\\\/de\\\/deux-nouveaux-hotels-a-mulhouse-accedent-au-precieux-sesame-clef-verte\\\/#primaryimage\",\"url\":\"https:\\\/\\\/www.meet-in-alsace.com\\\/wp-content\\\/uploads\\\/2024\\\/04\\\/HOTEL-2\u00a9Best-Western-Salvator-Centre-Mulhouse.jpg\",\"contentUrl\":\"https:\\\/\\\/www.meet-in-alsace.com\\\/wp-content\\\/uploads\\\/2024\\\/04\\\/HOTEL-2\u00a9Best-Western-Salvator-Centre-Mulhouse.jpg\",\"width\":1000,\"height\":667},{\"@type\":\"BreadcrumbList\",\"@id\":\"https:\\\/\\\/www.meet-in-alsace.com\\\/de\\\/deux-nouveaux-hotels-a-mulhouse-accedent-au-precieux-sesame-clef-verte\\\/#breadcrumb\",\"itemListElement\":[{\"@type\":\"ListItem\",\"position\":1,\"name\":\"Meet In Alsace\",\"item\":\"https:\\\/\\\/www.meet-in-alsace.com\\\/de\\\/\"},{\"@type\":\"ListItem\",\"position\":2,\"name\":\"Zwei weitere Hotels in Mulhouse erhalten das prestigetr\u00e4chtige G\u00fctesiegel Clef Verte!\"}]},{\"@type\":\"WebSite\",\"@id\":\"https:\\\/\\\/www.meet-in-alsace.com\\\/de\\\/#website\",\"url\":\"https:\\\/\\\/www.meet-in-alsace.com\\\/de\\\/\",\"name\":\"Meet in Alsace\",\"description\":\"Ihr n\u00e4chstes Ziel f\u00fcr Kongress und Seminar\\r\\n\",\"publisher\":{\"@id\":\"https:\\\/\\\/www.meet-in-alsace.com\\\/de\\\/#organization\"},\"potentialAction\":[{\"@type\":\"SearchAction\",\"target\":{\"@type\":\"EntryPoint\",\"urlTemplate\":\"https:\\\/\\\/www.meet-in-alsace.com\\\/de\\\/?s={search_term_string}\"},\"query-input\":{\"@type\":\"PropertyValueSpecification\",\"valueRequired\":true,\"valueName\":\"search_term_string\"}}],\"inLanguage\":\"de\"},{\"@type\":\"Organization\",\"@id\":\"https:\\\/\\\/www.meet-in-alsace.com\\\/de\\\/#organization\",\"name\":\"Meet in Alsace\",\"url\":\"https:\\\/\\\/www.meet-in-alsace.com\\\/de\\\/\",\"logo\":{\"@type\":\"ImageObject\",\"inLanguage\":\"de\",\"@id\":\"https:\\\/\\\/www.meet-in-alsace.com\\\/de\\\/#\\\/schema\\\/logo\\\/image\\\/\",\"url\":\"https:\\\/\\\/www.meet-in-alsace.com\\\/wp-content\\\/uploads\\\/2016\\\/09\\\/meet-in-alsace.png\",\"contentUrl\":\"https:\\\/\\\/www.meet-in-alsace.com\\\/wp-content\\\/uploads\\\/2016\\\/09\\\/meet-in-alsace.png\",\"width\":303,\"height\":256,\"caption\":\"Meet in Alsace\"},\"image\":{\"@id\":\"https:\\\/\\\/www.meet-in-alsace.com\\\/de\\\/#\\\/schema\\\/logo\\\/image\\\/\"},\"sameAs\":[\"https:\\\/\\\/www.facebook.com\\\/MeetinAlsace\\\/\",\"https:\\\/\\\/x.com\\\/MeetinAlsace\",\"https:\\\/\\\/www.linkedin.com\\\/company\\\/meet-in-alsace\"]},{\"@type\":\"Person\",\"@id\":\"https:\\\/\\\/www.meet-in-alsace.com\\\/de\\\/#\\\/schema\\\/person\\\/0370b36f67344792337077f90f78874f\",\"name\":\"Isabelle Mainier\",\"image\":{\"@type\":\"ImageObject\",\"inLanguage\":\"de\",\"@id\":\"https:\\\/\\\/secure.gravatar.com\\\/avatar\\\/90052828b228a313110d219ccd0dad25088c636cbe31f34341236fc2786f1143?s=96&d=mm&r=g\",\"url\":\"https:\\\/\\\/secure.gravatar.com\\\/avatar\\\/90052828b228a313110d219ccd0dad25088c636cbe31f34341236fc2786f1143?s=96&d=mm&r=g\",\"contentUrl\":\"https:\\\/\\\/secure.gravatar.com\\\/avatar\\\/90052828b228a313110d219ccd0dad25088c636cbe31f34341236fc2786f1143?s=96&d=mm&r=g\",\"caption\":\"Isabelle Mainier\"},\"url\":\"https:\\\/\\\/www.meet-in-alsace.com\\\/de\\\/author\\\/admin-iza\\\/\"}]}<\/script>\n<!-- \/ Yoast SEO plugin. -->","yoast_head_json":{"title":"Zwei weitere Hotels in Mulhouse erhalten das prestigetr\u00e4chtige G\u00fctesiegel Clef Verte! - Meet in Alsace","robots":{"index":"index","follow":"follow","max-snippet":"max-snippet:-1","max-image-preview":"max-image-preview:large","max-video-preview":"max-video-preview:-1"},"canonical":"https:\/\/www.meet-in-alsace.com\/de\/deux-nouveaux-hotels-a-mulhouse-accedent-au-precieux-sesame-clef-verte\/","og_locale":"de_DE","og_type":"article","og_title":"Zwei weitere Hotels in Mulhouse erhalten das prestigetr\u00e4chtige G\u00fctesiegel Clef Verte! - Meet in Alsace","og_description":"Das internationale Umweltzeichen Clef Verte, das 1998 in Frankreich eingef\u00fchrt wurde, ist das f\u00fchrende G\u00fctezeichen f\u00fcr nachhaltigen Tourismus f\u00fcr Beherbergungsbetriebe+","og_url":"https:\/\/www.meet-in-alsace.com\/de\/deux-nouveaux-hotels-a-mulhouse-accedent-au-precieux-sesame-clef-verte\/","og_site_name":"Meet in Alsace","article_publisher":"https:\/\/www.facebook.com\/MeetinAlsace\/","article_published_time":"2024-06-12T08:29:18+00:00","og_image":[{"width":1000,"height":667,"url":"https:\/\/www.meet-in-alsace.com\/wp-content\/uploads\/2024\/04\/HOTEL-2\u00a9Best-Western-Salvator-Centre-Mulhouse.jpg","type":"image\/jpeg"}],"author":"Isabelle Mainier","twitter_misc":{"Verfasst von":"Isabelle Mainier","Gesch\u00e4tzte Lesezeit":"3\u00a0Minuten"},"schema":{"@context":"https:\/\/schema.org","@graph":[{"@type":"Article","@id":"https:\/\/www.meet-in-alsace.com\/de\/deux-nouveaux-hotels-a-mulhouse-accedent-au-precieux-sesame-clef-verte\/#article","isPartOf":{"@id":"https:\/\/www.meet-in-alsace.com\/de\/deux-nouveaux-hotels-a-mulhouse-accedent-au-precieux-sesame-clef-verte\/"},"author":{"name":"Isabelle Mainier","@id":"https:\/\/www.meet-in-alsace.com\/de\/#\/schema\/person\/0370b36f67344792337077f90f78874f"},"headline":"Zwei weitere Hotels in Mulhouse erhalten das prestigetr\u00e4chtige G\u00fctesiegel Clef Verte!","datePublished":"2024-06-12T08:29:18+00:00","mainEntityOfPage":{"@id":"https:\/\/www.meet-in-alsace.com\/de\/deux-nouveaux-hotels-a-mulhouse-accedent-au-precieux-sesame-clef-verte\/"},"wordCount":403,"publisher":{"@id":"https:\/\/www.meet-in-alsace.com\/de\/#organization"},"image":{"@id":"https:\/\/www.meet-in-alsace.com\/de\/deux-nouveaux-hotels-a-mulhouse-accedent-au-precieux-sesame-clef-verte\/#primaryimage"},"thumbnailUrl":"https:\/\/www.meet-in-alsace.com\/wp-content\/uploads\/2024\/04\/HOTEL-2\u00a9Best-Western-Salvator-Centre-Mulhouse.jpg","articleSection":["Mulhouse"],"inLanguage":"de"},{"@type":"WebPage","@id":"https:\/\/www.meet-in-alsace.com\/de\/deux-nouveaux-hotels-a-mulhouse-accedent-au-precieux-sesame-clef-verte\/","url":"https:\/\/www.meet-in-alsace.com\/de\/deux-nouveaux-hotels-a-mulhouse-accedent-au-precieux-sesame-clef-verte\/","name":"Zwei weitere Hotels in Mulhouse erhalten das prestigetr\u00e4chtige G\u00fctesiegel Clef Verte! - Meet in Alsace","isPartOf":{"@id":"https:\/\/www.meet-in-alsace.com\/de\/#website"},"primaryImageOfPage":{"@id":"https:\/\/www.meet-in-alsace.com\/de\/deux-nouveaux-hotels-a-mulhouse-accedent-au-precieux-sesame-clef-verte\/#primaryimage"},"image":{"@id":"https:\/\/www.meet-in-alsace.com\/de\/deux-nouveaux-hotels-a-mulhouse-accedent-au-precieux-sesame-clef-verte\/#primaryimage"},"thumbnailUrl":"https:\/\/www.meet-in-alsace.com\/wp-content\/uploads\/2024\/04\/HOTEL-2\u00a9Best-Western-Salvator-Centre-Mulhouse.jpg","datePublished":"2024-06-12T08:29:18+00:00","breadcrumb":{"@id":"https:\/\/www.meet-in-alsace.com\/de\/deux-nouveaux-hotels-a-mulhouse-accedent-au-precieux-sesame-clef-verte\/#breadcrumb"},"inLanguage":"de","potentialAction":[{"@type":"ReadAction","target":["https:\/\/www.meet-in-alsace.com\/de\/deux-nouveaux-hotels-a-mulhouse-accedent-au-precieux-sesame-clef-verte\/"]}]},{"@type":"ImageObject","inLanguage":"de","@id":"https:\/\/www.meet-in-alsace.com\/de\/deux-nouveaux-hotels-a-mulhouse-accedent-au-precieux-sesame-clef-verte\/#primaryimage","url":"https:\/\/www.meet-in-alsace.com\/wp-content\/uploads\/2024\/04\/HOTEL-2\u00a9Best-Western-Salvator-Centre-Mulhouse.jpg","contentUrl":"https:\/\/www.meet-in-alsace.com\/wp-content\/uploads\/2024\/04\/HOTEL-2\u00a9Best-Western-Salvator-Centre-Mulhouse.jpg","width":1000,"height":667},{"@type":"BreadcrumbList","@id":"https:\/\/www.meet-in-alsace.com\/de\/deux-nouveaux-hotels-a-mulhouse-accedent-au-precieux-sesame-clef-verte\/#breadcrumb","itemListElement":[{"@type":"ListItem","position":1,"name":"Meet In Alsace","item":"https:\/\/www.meet-in-alsace.com\/de\/"},{"@type":"ListItem","position":2,"name":"Zwei weitere Hotels in Mulhouse erhalten das prestigetr\u00e4chtige G\u00fctesiegel Clef Verte!"}]},{"@type":"WebSite","@id":"https:\/\/www.meet-in-alsace.com\/de\/#website","url":"https:\/\/www.meet-in-alsace.com\/de\/","name":"Meet in Alsace","description":"Ihr n\u00e4chstes Ziel f\u00fcr Kongress und Seminar\r\n","publisher":{"@id":"https:\/\/www.meet-in-alsace.com\/de\/#organization"},"potentialAction":[{"@type":"SearchAction","target":{"@type":"EntryPoint","urlTemplate":"https:\/\/www.meet-in-alsace.com\/de\/?s={search_term_string}"},"query-input":{"@type":"PropertyValueSpecification","valueRequired":true,"valueName":"search_term_string"}}],"inLanguage":"de"},{"@type":"Organization","@id":"https:\/\/www.meet-in-alsace.com\/de\/#organization","name":"Meet in Alsace","url":"https:\/\/www.meet-in-alsace.com\/de\/","logo":{"@type":"ImageObject","inLanguage":"de","@id":"https:\/\/www.meet-in-alsace.com\/de\/#\/schema\/logo\/image\/","url":"https:\/\/www.meet-in-alsace.com\/wp-content\/uploads\/2016\/09\/meet-in-alsace.png","contentUrl":"https:\/\/www.meet-in-alsace.com\/wp-content\/uploads\/2016\/09\/meet-in-alsace.png","width":303,"height":256,"caption":"Meet in Alsace"},"image":{"@id":"https:\/\/www.meet-in-alsace.com\/de\/#\/schema\/logo\/image\/"},"sameAs":["https:\/\/www.facebook.com\/MeetinAlsace\/","https:\/\/x.com\/MeetinAlsace","https:\/\/www.linkedin.com\/company\/meet-in-alsace"]},{"@type":"Person","@id":"https:\/\/www.meet-in-alsace.com\/de\/#\/schema\/person\/0370b36f67344792337077f90f78874f","name":"Isabelle Mainier","image":{"@type":"ImageObject","inLanguage":"de","@id":"https:\/\/secure.gravatar.com\/avatar\/90052828b228a313110d219ccd0dad25088c636cbe31f34341236fc2786f1143?s=96&d=mm&r=g","url":"https:\/\/secure.gravatar.com\/avatar\/90052828b228a313110d219ccd0dad25088c636cbe31f34341236fc2786f1143?s=96&d=mm&r=g","contentUrl":"https:\/\/secure.gravatar.com\/avatar\/90052828b228a313110d219ccd0dad25088c636cbe31f34341236fc2786f1143?s=96&d=mm&r=g","caption":"Isabelle Mainier"},"url":"https:\/\/www.meet-in-alsace.com\/de\/author\/admin-iza\/"}]}},"_links":{"self":[{"href":"https:\/\/www.meet-in-alsace.com\/de\/wp-json\/wp\/v2\/posts\/11341","targetHints":{"allow":["GET"]}}],"collection":[{"href":"https:\/\/www.meet-in-alsace.com\/de\/wp-json\/wp\/v2\/posts"}],"about":[{"href":"https:\/\/www.meet-in-alsace.com\/de\/wp-json\/wp\/v2\/types\/post"}],"author":[{"embeddable":true,"href":"https:\/\/www.meet-in-alsace.com\/de\/wp-json\/wp\/v2\/users\/15"}],"replies":[{"embeddable":true,"href":"https:\/\/www.meet-in-alsace.com\/de\/wp-json\/wp\/v2\/comments?post=11341"}],"version-history":[{"count":0,"href":"https:\/\/www.meet-in-alsace.com\/de\/wp-json\/wp\/v2\/posts\/11341\/revisions"}],"wp:featuredmedia":[{"embeddable":true,"href":"https:\/\/www.meet-in-alsace.com\/de\/wp-json\/wp\/v2\/media\/11348"}],"wp:attachment":[{"href":"https:\/\/www.meet-in-alsace.com\/de\/wp-json\/wp\/v2\/media?parent=11341"}],"wp:term":[{"taxonomy":"category","embeddable":true,"href":"https:\/\/www.meet-in-alsace.com\/de\/wp-json\/wp\/v2\/categories?post=11341"},{"taxonomy":"post_tag","embeddable":true,"href":"https:\/\/www.meet-in-alsace.com\/de\/wp-json\/wp\/v2\/tags?post=11341"}],"curies":[{"name":"wp","href":"https:\/\/api.w.org\/{rel}","templated":true}]}}