{"id":11375,"date":"2024-06-20T12:02:57","date_gmt":"2024-06-20T10:02:57","guid":{"rendered":"https:\/\/www.meet-in-alsace.com\/?p=11375"},"modified":"2024-06-20T12:19:56","modified_gmt":"2024-06-20T10:19:56","slug":"internationaux-de-strasbourg-nr1-unter-den-umweltfreundlichen-veranstaltungen-frankreichs","status":"publish","type":"post","link":"https:\/\/www.meet-in-alsace.com\/de\/internationaux-de-strasbourg-nr1-unter-den-umweltfreundlichen-veranstaltungen-frankreichs\/","title":{"rendered":"Internationaux de Strasbourg: Die Nr. 1 unter den umweltfreundlichen Veranstaltungen Frankreichs"},"content":{"rendered":"<p><img decoding=\"async\" class=\"alignnone size-large wp-image-11389\" src=\"https:\/\/www.meet-in-alsace.com\/wp-content\/uploads\/2024\/05\/strasbourg-internationaux-tennis-2024-2-1024x705.jpg\" alt=\"\" width=\"1024\" height=\"705\" \/><\/p>\n<p>Das <a href=\"https:\/\/www.internationaux-strasbourg.fr\/en\" target=\"_blank\" rel=\"noopener\">Internationaux de Strasbourg<\/a>, das am Fu\u00dfe des Europ\u00e4ischen Parlaments stattfindet, sammelt flei\u00dfig Titel: Nr.\u00a01 der franz\u00f6sischen Damen-Tennisturniere, Nr.\u00a01 der Sportereignisse der Region Grand Est und Nr.\u00a01 der umweltfreundlichsten Veranstaltungen Frankreichs! Das els\u00e4ssische Turnier gilt ebenfalls als Sprungbrett im <a href=\"https:\/\/www.wtatennis.com\/\" target=\"_blank\" rel=\"noopener\">WTA-Kalender<\/a> f\u00fcr die <a href=\"https:\/\/www.rolandgarros.com\/en-us\/\" target=\"_blank\" rel=\"noopener\">French Open (Roland Garros)<\/a>, die traditionell in der darauffolgenden Woche beginnen.<\/p>\n<p>Die Ausgabe 2024 fand vom 18. bis 25. Mai statt und bot ein hochkar\u00e4tiges Teilnehmerfeld mit den besten Spielerinnen der Welt, darunter die Nr.\u00a05 und ehemalige Nr.\u00a01 der Weltrangliste Karolina Pliskova (CZE) sowie mehrere Spielerinnen aus den Top 20: Nr.\u00a013 Jasmine Paolini (ITA), Nr.\u00a014 Beatriz Haddad Maia (BRA), Nr.\u00a015 Danielle Collins (USA), Nr.\u00a016 Ekaterina Alexandrova, Nr.\u00a017 Liudmila Samsonova, Nr.\u00a018 Elina Svitolina (UKR) \u2026<\/p>\n<p>W\u00e4hrend die ganze Tenniswelt jedes Jahr im Mai nur Augen f\u00fcr Stra\u00dfburg hat, sorgen die Aktivit\u00e4ten abseits des Tennisgeschehens acht Tage lang f\u00fcr einen lebhaften Empfang und machen sie zu einem der begehrtesten <a href=\"https:\/\/www.internationaux-strasbourg.fr\/en\/our-approach\" target=\"_blank\" rel=\"noopener\">Hospitality-Events<\/a> der Region!<\/p>\n<p>Die wichtigsten Wirtschaftsakteure der Region sind im Village des IS vertreten, wo 3\u00a0000 G\u00e4ste tags\u00fcber und nach Feierabend zwischen den Sandpl\u00e4tzen flanieren und ein abwechslungsreiches Programm mit zahlreichen nachhaltigen BtoB-Aktivit\u00e4ten angeboten wird: Gesch\u00e4ftsessen, Brunch, Partnertreffen &#8230;<\/p>\n<p>Die Veranstaltung, die sich seit 2010 konsequent f\u00fcr Nachhaltigkeit engagiert, ist als <a href=\"https:\/\/ecomanifestations-alsace.fr\/\" target=\"_blank\" rel=\"noopener\">\u00c9co-Manifestation\u00a0d&#8217;Alsace<\/a> der Stufe 3 (h\u00f6chstes Niveau) zertifiziert. Diese Zertifizierung wird an Veranstaltungen vergeben, die mindestens 75 Kriterien in Bereichen wie Gesamtmanagement, Energie, Abfall, Sensibilisierung, Kommunikation und Mobilit\u00e4t erf\u00fcllen.<br \/>\nNicht weniger als 80 Ma\u00dfnahmen wurden von dem Stra\u00dfburger Turnier umgesetzt, um seinen CO2-Fu\u00dfabdruck auf 254 teqCO2 zu reduzieren.<\/p>\n<p>Einige Beispiele:<\/p>\n<ul>\n<li>Aktion <strong>Neue B\u00e4lle<\/strong>: Seit 2010 wurden 20 000 Tennisb\u00e4lle recycelt.<\/li>\n<li><strong>Management und Recycling von Bioabf\u00e4llen<\/strong> aus der Gastronomie. Nicht konsumierte Lebensmittel (120 kg\/Jahr) werden gesammelt und an lokale Vereine weitergegeben<\/li>\n<li><strong>Recycling von Planen<\/strong> zur Herstellung von Werbeartikeln<\/li>\n<li>Verwendung von <strong>Mehrwegbechern<\/strong> zur Vermeidung von Plastikm\u00fcll<\/li>\n<li>Sammeln von Plastikflaschenverschl\u00fcssen zugunsten der Organisation \u201eLes Bouchons d&#8217;Amour 67\u201c<\/li>\n<li><strong>Partnerschaft mit den \u201eStra\u00dfburgern Verkehrsbetrieben CTS\u201c und der \u201eSNCF\u201c,<\/strong> um Erm\u00e4\u00dfigungen auf Tickets zu erhalten<\/li>\n<li><strong>Kostenlose Parkpl\u00e4tze<\/strong> f\u00fcr Zuschauer, die in <strong>Fahrgemeinschaften<\/strong> anreisen (3 und mehr in einem Auto).<\/li>\n<li>Partnerschaft mit BMW zur <strong>Bereitstellung von Elektro- und Hybridfahrzeugen<\/strong> f\u00fcr den Transport von Spielern und des Organisationsteams<\/li>\n<li>Regelm\u00e4\u00dfige Bewertung der CO2-Bilanz<\/li>\n<li>Verringerung der Kohlenstoffemissionen um fast 30 % seit 2010<\/li>\n<\/ul>\n<p>Weitere Informationen finden Sie <a href=\"https:\/\/www.internationaux-strasbourg.fr\/en\/our-approach\" target=\"_blank\" rel=\"noopener\">hier<\/a>.<\/p>\n<p>&nbsp;<\/p>\n","protected":false},"excerpt":{"rendered":"<p>Das Internationaux de Strasbourg, das am Fu\u00dfe des Europ\u00e4ischen Parlaments stattfindet, sammelt flei\u00dfig Titel: Nr.\u00a01 der franz\u00f6sischen Damen-Tennisturniere, Nr.\u00a01 der<\/p>\n<div class=\"view-full-post\"><a href=\"https:\/\/www.meet-in-alsace.com\/de\/internationaux-de-strasbourg-nr1-unter-den-umweltfreundlichen-veranstaltungen-frankreichs\/\" class=\"more-link\">+<\/a><\/div>\n","protected":false},"author":15,"featured_media":11385,"comment_status":"closed","ping_status":"closed","sticky":false,"template":"","format":"standard","meta":{"_et_pb_use_builder":"","_et_pb_old_content":"","_et_gb_content_width":"","inline_featured_image":false,"footnotes":""},"categories":[101],"tags":[],"class_list":["post-11375","post","type-post","status-publish","format-standard","has-post-thumbnail","hentry","category-strasbourg-de"],"yoast_head":"<!-- This site is optimized with the Yoast SEO plugin v27.4 - https:\/\/yoast.com\/product\/yoast-seo-wordpress\/ -->\n<title>Internationaux de Strasbourg: Die Nr. 1 unter den umweltfreundlichen Veranstaltungen Frankreichs - Meet in Alsace<\/title>\n<meta name=\"robots\" content=\"index, follow, max-snippet:-1, max-image-preview:large, max-video-preview:-1\" \/>\n<link rel=\"canonical\" href=\"https:\/\/www.meet-in-alsace.com\/de\/internationaux-de-strasbourg-nr1-unter-den-umweltfreundlichen-veranstaltungen-frankreichs\/\" \/>\n<meta property=\"og:locale\" content=\"de_DE\" \/>\n<meta property=\"og:type\" content=\"article\" \/>\n<meta property=\"og:title\" content=\"Internationaux de Strasbourg: Die Nr. 1 unter den umweltfreundlichen Veranstaltungen Frankreichs - Meet in Alsace\" \/>\n<meta property=\"og:description\" content=\"Das Internationaux de Strasbourg, das am Fu\u00dfe des Europ\u00e4ischen Parlaments stattfindet, sammelt flei\u00dfig Titel: Nr.\u00a01 der franz\u00f6sischen Damen-Tennisturniere, Nr.\u00a01 der+\" \/>\n<meta property=\"og:url\" content=\"https:\/\/www.meet-in-alsace.com\/de\/internationaux-de-strasbourg-nr1-unter-den-umweltfreundlichen-veranstaltungen-frankreichs\/\" \/>\n<meta property=\"og:site_name\" content=\"Meet in Alsace\" \/>\n<meta property=\"article:publisher\" content=\"https:\/\/www.facebook.com\/MeetinAlsace\/\" \/>\n<meta property=\"article:published_time\" content=\"2024-06-20T10:02:57+00:00\" \/>\n<meta property=\"article:modified_time\" content=\"2024-06-20T10:19:56+00:00\" \/>\n<meta property=\"og:image\" content=\"https:\/\/www.meet-in-alsace.com\/wp-content\/uploads\/2024\/05\/strasbourg-internationaux-tennis-2024.jpg\" \/>\n\t<meta property=\"og:image:width\" content=\"1080\" \/>\n\t<meta property=\"og:image:height\" content=\"1080\" \/>\n\t<meta property=\"og:image:type\" content=\"image\/jpeg\" \/>\n<meta name=\"author\" content=\"Isabelle Mainier\" \/>\n<meta name=\"twitter:label1\" content=\"Verfasst von\" \/>\n\t<meta name=\"twitter:data1\" content=\"Isabelle Mainier\" \/>\n\t<meta name=\"twitter:label2\" content=\"Gesch\u00e4tzte Lesezeit\" \/>\n\t<meta name=\"twitter:data2\" content=\"3\u00a0Minuten\" \/>\n<script type=\"application\/ld+json\" class=\"yoast-schema-graph\">{\"@context\":\"https:\\\/\\\/schema.org\",\"@graph\":[{\"@type\":\"Article\",\"@id\":\"https:\\\/\\\/www.meet-in-alsace.com\\\/de\\\/internationaux-de-strasbourg-nr1-unter-den-umweltfreundlichen-veranstaltungen-frankreichs\\\/#article\",\"isPartOf\":{\"@id\":\"https:\\\/\\\/www.meet-in-alsace.com\\\/de\\\/internationaux-de-strasbourg-nr1-unter-den-umweltfreundlichen-veranstaltungen-frankreichs\\\/\"},\"author\":{\"name\":\"Isabelle Mainier\",\"@id\":\"https:\\\/\\\/www.meet-in-alsace.com\\\/de\\\/#\\\/schema\\\/person\\\/0370b36f67344792337077f90f78874f\"},\"headline\":\"Internationaux de Strasbourg: Die Nr. 1 unter den umweltfreundlichen Veranstaltungen Frankreichs\",\"datePublished\":\"2024-06-20T10:02:57+00:00\",\"dateModified\":\"2024-06-20T10:19:56+00:00\",\"mainEntityOfPage\":{\"@id\":\"https:\\\/\\\/www.meet-in-alsace.com\\\/de\\\/internationaux-de-strasbourg-nr1-unter-den-umweltfreundlichen-veranstaltungen-frankreichs\\\/\"},\"wordCount\":398,\"publisher\":{\"@id\":\"https:\\\/\\\/www.meet-in-alsace.com\\\/de\\\/#organization\"},\"image\":{\"@id\":\"https:\\\/\\\/www.meet-in-alsace.com\\\/de\\\/internationaux-de-strasbourg-nr1-unter-den-umweltfreundlichen-veranstaltungen-frankreichs\\\/#primaryimage\"},\"thumbnailUrl\":\"https:\\\/\\\/www.meet-in-alsace.com\\\/wp-content\\\/uploads\\\/2024\\\/05\\\/strasbourg-internationaux-tennis-2024.jpg\",\"articleSection\":[\"Strasbourg\"],\"inLanguage\":\"de\"},{\"@type\":\"WebPage\",\"@id\":\"https:\\\/\\\/www.meet-in-alsace.com\\\/de\\\/internationaux-de-strasbourg-nr1-unter-den-umweltfreundlichen-veranstaltungen-frankreichs\\\/\",\"url\":\"https:\\\/\\\/www.meet-in-alsace.com\\\/de\\\/internationaux-de-strasbourg-nr1-unter-den-umweltfreundlichen-veranstaltungen-frankreichs\\\/\",\"name\":\"Internationaux de Strasbourg: Die Nr. 1 unter den umweltfreundlichen Veranstaltungen Frankreichs - Meet in Alsace\",\"isPartOf\":{\"@id\":\"https:\\\/\\\/www.meet-in-alsace.com\\\/de\\\/#website\"},\"primaryImageOfPage\":{\"@id\":\"https:\\\/\\\/www.meet-in-alsace.com\\\/de\\\/internationaux-de-strasbourg-nr1-unter-den-umweltfreundlichen-veranstaltungen-frankreichs\\\/#primaryimage\"},\"image\":{\"@id\":\"https:\\\/\\\/www.meet-in-alsace.com\\\/de\\\/internationaux-de-strasbourg-nr1-unter-den-umweltfreundlichen-veranstaltungen-frankreichs\\\/#primaryimage\"},\"thumbnailUrl\":\"https:\\\/\\\/www.meet-in-alsace.com\\\/wp-content\\\/uploads\\\/2024\\\/05\\\/strasbourg-internationaux-tennis-2024.jpg\",\"datePublished\":\"2024-06-20T10:02:57+00:00\",\"dateModified\":\"2024-06-20T10:19:56+00:00\",\"breadcrumb\":{\"@id\":\"https:\\\/\\\/www.meet-in-alsace.com\\\/de\\\/internationaux-de-strasbourg-nr1-unter-den-umweltfreundlichen-veranstaltungen-frankreichs\\\/#breadcrumb\"},\"inLanguage\":\"de\",\"potentialAction\":[{\"@type\":\"ReadAction\",\"target\":[\"https:\\\/\\\/www.meet-in-alsace.com\\\/de\\\/internationaux-de-strasbourg-nr1-unter-den-umweltfreundlichen-veranstaltungen-frankreichs\\\/\"]}]},{\"@type\":\"ImageObject\",\"inLanguage\":\"de\",\"@id\":\"https:\\\/\\\/www.meet-in-alsace.com\\\/de\\\/internationaux-de-strasbourg-nr1-unter-den-umweltfreundlichen-veranstaltungen-frankreichs\\\/#primaryimage\",\"url\":\"https:\\\/\\\/www.meet-in-alsace.com\\\/wp-content\\\/uploads\\\/2024\\\/05\\\/strasbourg-internationaux-tennis-2024.jpg\",\"contentUrl\":\"https:\\\/\\\/www.meet-in-alsace.com\\\/wp-content\\\/uploads\\\/2024\\\/05\\\/strasbourg-internationaux-tennis-2024.jpg\",\"width\":1080,\"height\":1080},{\"@type\":\"BreadcrumbList\",\"@id\":\"https:\\\/\\\/www.meet-in-alsace.com\\\/de\\\/internationaux-de-strasbourg-nr1-unter-den-umweltfreundlichen-veranstaltungen-frankreichs\\\/#breadcrumb\",\"itemListElement\":[{\"@type\":\"ListItem\",\"position\":1,\"name\":\"Meet In Alsace\",\"item\":\"https:\\\/\\\/www.meet-in-alsace.com\\\/de\\\/\"},{\"@type\":\"ListItem\",\"position\":2,\"name\":\"Internationaux de Strasbourg: Die Nr. 1 unter den umweltfreundlichen Veranstaltungen Frankreichs\"}]},{\"@type\":\"WebSite\",\"@id\":\"https:\\\/\\\/www.meet-in-alsace.com\\\/de\\\/#website\",\"url\":\"https:\\\/\\\/www.meet-in-alsace.com\\\/de\\\/\",\"name\":\"Meet in Alsace\",\"description\":\"Ihr n\u00e4chstes Ziel f\u00fcr Kongress und Seminar\\r\\n\",\"publisher\":{\"@id\":\"https:\\\/\\\/www.meet-in-alsace.com\\\/de\\\/#organization\"},\"potentialAction\":[{\"@type\":\"SearchAction\",\"target\":{\"@type\":\"EntryPoint\",\"urlTemplate\":\"https:\\\/\\\/www.meet-in-alsace.com\\\/de\\\/?s={search_term_string}\"},\"query-input\":{\"@type\":\"PropertyValueSpecification\",\"valueRequired\":true,\"valueName\":\"search_term_string\"}}],\"inLanguage\":\"de\"},{\"@type\":\"Organization\",\"@id\":\"https:\\\/\\\/www.meet-in-alsace.com\\\/de\\\/#organization\",\"name\":\"Meet in Alsace\",\"url\":\"https:\\\/\\\/www.meet-in-alsace.com\\\/de\\\/\",\"logo\":{\"@type\":\"ImageObject\",\"inLanguage\":\"de\",\"@id\":\"https:\\\/\\\/www.meet-in-alsace.com\\\/de\\\/#\\\/schema\\\/logo\\\/image\\\/\",\"url\":\"https:\\\/\\\/www.meet-in-alsace.com\\\/wp-content\\\/uploads\\\/2016\\\/09\\\/meet-in-alsace.png\",\"contentUrl\":\"https:\\\/\\\/www.meet-in-alsace.com\\\/wp-content\\\/uploads\\\/2016\\\/09\\\/meet-in-alsace.png\",\"width\":303,\"height\":256,\"caption\":\"Meet in Alsace\"},\"image\":{\"@id\":\"https:\\\/\\\/www.meet-in-alsace.com\\\/de\\\/#\\\/schema\\\/logo\\\/image\\\/\"},\"sameAs\":[\"https:\\\/\\\/www.facebook.com\\\/MeetinAlsace\\\/\",\"https:\\\/\\\/x.com\\\/MeetinAlsace\",\"https:\\\/\\\/www.linkedin.com\\\/company\\\/meet-in-alsace\"]},{\"@type\":\"Person\",\"@id\":\"https:\\\/\\\/www.meet-in-alsace.com\\\/de\\\/#\\\/schema\\\/person\\\/0370b36f67344792337077f90f78874f\",\"name\":\"Isabelle Mainier\",\"image\":{\"@type\":\"ImageObject\",\"inLanguage\":\"de\",\"@id\":\"https:\\\/\\\/secure.gravatar.com\\\/avatar\\\/90052828b228a313110d219ccd0dad25088c636cbe31f34341236fc2786f1143?s=96&d=mm&r=g\",\"url\":\"https:\\\/\\\/secure.gravatar.com\\\/avatar\\\/90052828b228a313110d219ccd0dad25088c636cbe31f34341236fc2786f1143?s=96&d=mm&r=g\",\"contentUrl\":\"https:\\\/\\\/secure.gravatar.com\\\/avatar\\\/90052828b228a313110d219ccd0dad25088c636cbe31f34341236fc2786f1143?s=96&d=mm&r=g\",\"caption\":\"Isabelle Mainier\"},\"url\":\"https:\\\/\\\/www.meet-in-alsace.com\\\/de\\\/author\\\/admin-iza\\\/\"}]}<\/script>\n<!-- \/ Yoast SEO plugin. -->","yoast_head_json":{"title":"Internationaux de Strasbourg: Die Nr. 1 unter den umweltfreundlichen Veranstaltungen Frankreichs - Meet in Alsace","robots":{"index":"index","follow":"follow","max-snippet":"max-snippet:-1","max-image-preview":"max-image-preview:large","max-video-preview":"max-video-preview:-1"},"canonical":"https:\/\/www.meet-in-alsace.com\/de\/internationaux-de-strasbourg-nr1-unter-den-umweltfreundlichen-veranstaltungen-frankreichs\/","og_locale":"de_DE","og_type":"article","og_title":"Internationaux de Strasbourg: Die Nr. 1 unter den umweltfreundlichen Veranstaltungen Frankreichs - Meet in Alsace","og_description":"Das Internationaux de Strasbourg, das am Fu\u00dfe des Europ\u00e4ischen Parlaments stattfindet, sammelt flei\u00dfig Titel: Nr.\u00a01 der franz\u00f6sischen Damen-Tennisturniere, Nr.\u00a01 der+","og_url":"https:\/\/www.meet-in-alsace.com\/de\/internationaux-de-strasbourg-nr1-unter-den-umweltfreundlichen-veranstaltungen-frankreichs\/","og_site_name":"Meet in Alsace","article_publisher":"https:\/\/www.facebook.com\/MeetinAlsace\/","article_published_time":"2024-06-20T10:02:57+00:00","article_modified_time":"2024-06-20T10:19:56+00:00","og_image":[{"width":1080,"height":1080,"url":"https:\/\/www.meet-in-alsace.com\/wp-content\/uploads\/2024\/05\/strasbourg-internationaux-tennis-2024.jpg","type":"image\/jpeg"}],"author":"Isabelle Mainier","twitter_misc":{"Verfasst von":"Isabelle Mainier","Gesch\u00e4tzte Lesezeit":"3\u00a0Minuten"},"schema":{"@context":"https:\/\/schema.org","@graph":[{"@type":"Article","@id":"https:\/\/www.meet-in-alsace.com\/de\/internationaux-de-strasbourg-nr1-unter-den-umweltfreundlichen-veranstaltungen-frankreichs\/#article","isPartOf":{"@id":"https:\/\/www.meet-in-alsace.com\/de\/internationaux-de-strasbourg-nr1-unter-den-umweltfreundlichen-veranstaltungen-frankreichs\/"},"author":{"name":"Isabelle Mainier","@id":"https:\/\/www.meet-in-alsace.com\/de\/#\/schema\/person\/0370b36f67344792337077f90f78874f"},"headline":"Internationaux de Strasbourg: Die Nr. 1 unter den umweltfreundlichen Veranstaltungen Frankreichs","datePublished":"2024-06-20T10:02:57+00:00","dateModified":"2024-06-20T10:19:56+00:00","mainEntityOfPage":{"@id":"https:\/\/www.meet-in-alsace.com\/de\/internationaux-de-strasbourg-nr1-unter-den-umweltfreundlichen-veranstaltungen-frankreichs\/"},"wordCount":398,"publisher":{"@id":"https:\/\/www.meet-in-alsace.com\/de\/#organization"},"image":{"@id":"https:\/\/www.meet-in-alsace.com\/de\/internationaux-de-strasbourg-nr1-unter-den-umweltfreundlichen-veranstaltungen-frankreichs\/#primaryimage"},"thumbnailUrl":"https:\/\/www.meet-in-alsace.com\/wp-content\/uploads\/2024\/05\/strasbourg-internationaux-tennis-2024.jpg","articleSection":["Strasbourg"],"inLanguage":"de"},{"@type":"WebPage","@id":"https:\/\/www.meet-in-alsace.com\/de\/internationaux-de-strasbourg-nr1-unter-den-umweltfreundlichen-veranstaltungen-frankreichs\/","url":"https:\/\/www.meet-in-alsace.com\/de\/internationaux-de-strasbourg-nr1-unter-den-umweltfreundlichen-veranstaltungen-frankreichs\/","name":"Internationaux de Strasbourg: Die Nr. 1 unter den umweltfreundlichen Veranstaltungen Frankreichs - Meet in Alsace","isPartOf":{"@id":"https:\/\/www.meet-in-alsace.com\/de\/#website"},"primaryImageOfPage":{"@id":"https:\/\/www.meet-in-alsace.com\/de\/internationaux-de-strasbourg-nr1-unter-den-umweltfreundlichen-veranstaltungen-frankreichs\/#primaryimage"},"image":{"@id":"https:\/\/www.meet-in-alsace.com\/de\/internationaux-de-strasbourg-nr1-unter-den-umweltfreundlichen-veranstaltungen-frankreichs\/#primaryimage"},"thumbnailUrl":"https:\/\/www.meet-in-alsace.com\/wp-content\/uploads\/2024\/05\/strasbourg-internationaux-tennis-2024.jpg","datePublished":"2024-06-20T10:02:57+00:00","dateModified":"2024-06-20T10:19:56+00:00","breadcrumb":{"@id":"https:\/\/www.meet-in-alsace.com\/de\/internationaux-de-strasbourg-nr1-unter-den-umweltfreundlichen-veranstaltungen-frankreichs\/#breadcrumb"},"inLanguage":"de","potentialAction":[{"@type":"ReadAction","target":["https:\/\/www.meet-in-alsace.com\/de\/internationaux-de-strasbourg-nr1-unter-den-umweltfreundlichen-veranstaltungen-frankreichs\/"]}]},{"@type":"ImageObject","inLanguage":"de","@id":"https:\/\/www.meet-in-alsace.com\/de\/internationaux-de-strasbourg-nr1-unter-den-umweltfreundlichen-veranstaltungen-frankreichs\/#primaryimage","url":"https:\/\/www.meet-in-alsace.com\/wp-content\/uploads\/2024\/05\/strasbourg-internationaux-tennis-2024.jpg","contentUrl":"https:\/\/www.meet-in-alsace.com\/wp-content\/uploads\/2024\/05\/strasbourg-internationaux-tennis-2024.jpg","width":1080,"height":1080},{"@type":"BreadcrumbList","@id":"https:\/\/www.meet-in-alsace.com\/de\/internationaux-de-strasbourg-nr1-unter-den-umweltfreundlichen-veranstaltungen-frankreichs\/#breadcrumb","itemListElement":[{"@type":"ListItem","position":1,"name":"Meet In Alsace","item":"https:\/\/www.meet-in-alsace.com\/de\/"},{"@type":"ListItem","position":2,"name":"Internationaux de Strasbourg: Die Nr. 1 unter den umweltfreundlichen Veranstaltungen Frankreichs"}]},{"@type":"WebSite","@id":"https:\/\/www.meet-in-alsace.com\/de\/#website","url":"https:\/\/www.meet-in-alsace.com\/de\/","name":"Meet in Alsace","description":"Ihr n\u00e4chstes Ziel f\u00fcr Kongress und Seminar\r\n","publisher":{"@id":"https:\/\/www.meet-in-alsace.com\/de\/#organization"},"potentialAction":[{"@type":"SearchAction","target":{"@type":"EntryPoint","urlTemplate":"https:\/\/www.meet-in-alsace.com\/de\/?s={search_term_string}"},"query-input":{"@type":"PropertyValueSpecification","valueRequired":true,"valueName":"search_term_string"}}],"inLanguage":"de"},{"@type":"Organization","@id":"https:\/\/www.meet-in-alsace.com\/de\/#organization","name":"Meet in Alsace","url":"https:\/\/www.meet-in-alsace.com\/de\/","logo":{"@type":"ImageObject","inLanguage":"de","@id":"https:\/\/www.meet-in-alsace.com\/de\/#\/schema\/logo\/image\/","url":"https:\/\/www.meet-in-alsace.com\/wp-content\/uploads\/2016\/09\/meet-in-alsace.png","contentUrl":"https:\/\/www.meet-in-alsace.com\/wp-content\/uploads\/2016\/09\/meet-in-alsace.png","width":303,"height":256,"caption":"Meet in Alsace"},"image":{"@id":"https:\/\/www.meet-in-alsace.com\/de\/#\/schema\/logo\/image\/"},"sameAs":["https:\/\/www.facebook.com\/MeetinAlsace\/","https:\/\/x.com\/MeetinAlsace","https:\/\/www.linkedin.com\/company\/meet-in-alsace"]},{"@type":"Person","@id":"https:\/\/www.meet-in-alsace.com\/de\/#\/schema\/person\/0370b36f67344792337077f90f78874f","name":"Isabelle Mainier","image":{"@type":"ImageObject","inLanguage":"de","@id":"https:\/\/secure.gravatar.com\/avatar\/90052828b228a313110d219ccd0dad25088c636cbe31f34341236fc2786f1143?s=96&d=mm&r=g","url":"https:\/\/secure.gravatar.com\/avatar\/90052828b228a313110d219ccd0dad25088c636cbe31f34341236fc2786f1143?s=96&d=mm&r=g","contentUrl":"https:\/\/secure.gravatar.com\/avatar\/90052828b228a313110d219ccd0dad25088c636cbe31f34341236fc2786f1143?s=96&d=mm&r=g","caption":"Isabelle Mainier"},"url":"https:\/\/www.meet-in-alsace.com\/de\/author\/admin-iza\/"}]}},"_links":{"self":[{"href":"https:\/\/www.meet-in-alsace.com\/de\/wp-json\/wp\/v2\/posts\/11375","targetHints":{"allow":["GET"]}}],"collection":[{"href":"https:\/\/www.meet-in-alsace.com\/de\/wp-json\/wp\/v2\/posts"}],"about":[{"href":"https:\/\/www.meet-in-alsace.com\/de\/wp-json\/wp\/v2\/types\/post"}],"author":[{"embeddable":true,"href":"https:\/\/www.meet-in-alsace.com\/de\/wp-json\/wp\/v2\/users\/15"}],"replies":[{"embeddable":true,"href":"https:\/\/www.meet-in-alsace.com\/de\/wp-json\/wp\/v2\/comments?post=11375"}],"version-history":[{"count":0,"href":"https:\/\/www.meet-in-alsace.com\/de\/wp-json\/wp\/v2\/posts\/11375\/revisions"}],"wp:featuredmedia":[{"embeddable":true,"href":"https:\/\/www.meet-in-alsace.com\/de\/wp-json\/wp\/v2\/media\/11385"}],"wp:attachment":[{"href":"https:\/\/www.meet-in-alsace.com\/de\/wp-json\/wp\/v2\/media?parent=11375"}],"wp:term":[{"taxonomy":"category","embeddable":true,"href":"https:\/\/www.meet-in-alsace.com\/de\/wp-json\/wp\/v2\/categories?post=11375"},{"taxonomy":"post_tag","embeddable":true,"href":"https:\/\/www.meet-in-alsace.com\/de\/wp-json\/wp\/v2\/tags?post=11375"}],"curies":[{"name":"wp","href":"https:\/\/api.w.org\/{rel}","templated":true}]}}