{"id":11762,"date":"2024-12-20T15:57:44","date_gmt":"2024-12-20T13:57:44","guid":{"rendered":"https:\/\/www.meet-in-alsace.com\/?p=11762"},"modified":"2024-12-20T16:02:22","modified_gmt":"2024-12-20T14:02:22","slug":"24-stunden-in-strassburg-highlights-um-die-6-franzosische-kongressstadt-zu-entdecken","status":"publish","type":"post","link":"https:\/\/www.meet-in-alsace.com\/de\/24-stunden-in-strassburg-highlights-um-die-6-franzosische-kongressstadt-zu-entdecken\/","title":{"rendered":"24 Stunden in Stra\u00dfburg: Highlights, um die 6. franz\u00f6sische Kongressstadt zu entdecken"},"content":{"rendered":"<p>Das <a href=\"https:\/\/www.mystrasbourg.com\/versammlungssale-in-strassburg-fur-ihre-fachveranstaltungen-scb\/strasbourg-palais-des-congres-parc-des-expositions-strasbourg-events\" target=\"_blank\" rel=\"noopener\">Palais des Congr\u00e8s<\/a> in Stra\u00dfburg wurde vor Kurzem, bei einer Zeremonie in Ho-Chi-Minh-Stadt in Vietnam, zum zweiten Mal in Folge mit dem Preis \u201eWorld MICE Award 2024\u201c als<i> Bestes Kongresszentrum Frankreichs<\/i> ausgezeichnet.<\/p>\n<p>Auch international hat Stra\u00dfburg an Bedeutung gewonnen: Platz 116 von 800 St\u00e4dten in der weltweiten ICCA-Rangliste, Platz 66 in Europa (Verbesserung um 11 Pl\u00e4tze) sowie Platz 6 unter den franz\u00f6sischen Kongressst\u00e4dten &#8211; Paris ausgenommen.<\/p>\n<p>Sollten Sie einen 24-st\u00fcndigen Kurzbesuch in Stra\u00dfburg planen, folgen Sie den Empfehlungen von Nicolas vom <a target=\"_blank\" href=\"https:\/\/www.mystrasbourg.com\/de\">Strasbourg Convention Bureau<\/a>, um sicher zu sein, nichts zu verpassen!<\/p>\n<p>Die Entdeckungstour der europ\u00e4ischen Hauptstadt beginnt am Stra\u00dfburger Bahnhof, den Sie nach einer Fahrt mit dem TGV von Paris-Est aus in weniger als 2 Stunden (1 Std. 46 Minuten pr\u00e4zise) erreichen.<\/p>\n<p><img decoding=\"async\" class=\"alignright wp-image-11770\" src=\"https:\/\/www.meet-in-alsace.com\/wp-content\/uploads\/2024\/12\/Petite-france-Bateau-mouche-\u00a9-Christophe-Hamm.jpg\" alt=\"\" width=\"300\" height=\"451\" \/><\/p>\n<p>Bevor Sie Ihr Gep\u00e4ck im <a target=\"_blank\" href=\"https:\/\/www.mystrasbourg.com\/hotels-in-strassburg-fur-ihre-seminare-und-fachveranstaltungen-scb\/hotel-tandem-boutique-hotel\">Hotel Tandem<\/a>, einem gem\u00fctlichen und umweltfreundlichen Hotel direkt dem Bahnhof gegen\u00fcber, abstellen, werfen Sie einen Blick auf die imposante Stahl-Glas-Kuppel, die das majest\u00e4tische Bahnhofsgeb\u00e4ude aus dem 19. Jahrhundert \u00fcberdacht. Hier treffen Moderne und historisches Erbe harmonisch aufeinander.<\/p>\n<p>Lassen Sie sich am n\u00e4chsten Morgen Zeit, um in aller Ruhe ein unwiderstehliches, hausgemachtes Fr\u00fchst\u00fcck zu genie\u00dfen!<\/p>\n<p>Knapp 5 Gehminuten entfernt erwartet Sie das malerische Viertel La Petite France, das Teil des UNESCO-Weltkulturerbes ist. Bummeln Sie durch die kopfsteingepflasterten Gassen, bewundern Sie die Fachwerkh\u00e4user und lassen Sie sich von der romantischen Atmosph\u00e4re entlang der Kan\u00e4le verzaubern.<\/p>\n<p>Eine originelle Sehensw\u00fcrdigkeit ist die faszinierende Drehbr\u00fccke, die Sie sich nicht entgehen lassen sollten!<\/p>\n<p>Gleich um die Ecke l\u00e4dt die Brasserie <a target=\"_blank\" href=\"https:\/\/www.mystrasbourg.com\/restaurants-in-strassburg-seminare-kolloquien-und-konferenzen-scb\/le-tigre\">Le Tigre<\/a> zu einer St\u00e4rkung ein. Unter einer bemerkenswerten Glaskuppel serviert diese Institution einen authentischen, von der gleichnamigen Bruderschaft zertifizierten Flammkuchen. Dazu ein vor Ort handwerklich hergestelltes Bier \u2013 eine genussvolle Kombination, die Sie voll in die lokale Atmosph\u00e4re eintauchen l\u00e4sst.<\/p>\n<p>Stra\u00dfburg l\u00e4sst sich wunderbar mit der Stra\u00dfenbahn entdecken. In nur knapp 15 Minuten erreichen Sie das Gesch\u00e4ftsviertel Wacken mit seinem <a target=\"_blank\" href=\"https:\/\/www.mystrasbourg.com\/de\/versammlungssale-in-strassburg-fur-ihre-fachveranstaltungen-scb\/strasbourg-palais-des-congres-parc-des-expositions-strasbourg-events\">Palais des Congr\u00e8s und dem Messegel\u00e4nde<\/a>, das von dem mehrfach ausgezeichneten Architekten Kengo Kuma gestaltet wurde. Nur ein Steinwurf vom Stadtzentrum entfernt liegt es harmonisch eingebettet in einer gr\u00fcnen Umgebung.<\/p>\n<p>Fortgesetzt wird das Tagesprogramm mit einem kulturellen Intermezzo und einer Einladung, die Fassade der <a target=\"_blank\" href=\"https:\/\/www.mystrasbourg.com\/aktivitaten-in-strassburg-ihr-massgeschneidertes-incentive-scb\/opera-national-du-rhin\">Op\u00e9ra National du Rhin<\/a> zu bewundern sowie dem unumg\u00e4nglichen Stra\u00dfburger M\u00fcnster einen Besuch abzustatten. Ganz Mutige werden es sich nicht nehmen lassen, die 330 Stufen zur Plattform hinaufzusteigen, um einen spektakul\u00e4ren Blick \u00fcber die Els\u00e4sser Ebene zu genie\u00dfen. Vers\u00e4umen Sie keinesfalls eine Bootstour mit <a target=\"_blank\" href=\"https:\/\/www.mystrasbourg.com\/de\/aktivitaten-in-strassburg-ihr-massgeschneidertes-incentive-scb\/batorama-bateau-promenade-de-strasbourg\">Batorama<\/a> &#8211; ausgestattet mit Audiof\u00fchrern erleben Sie Stra\u00dfburg aus einer v\u00f6llig neuen Perspektive.<\/p>\n<p><img decoding=\"async\" class=\"alignright size-full wp-image-11764\" src=\"https:\/\/www.meet-in-alsace.com\/wp-content\/uploads\/2024\/12\/Grande_salle_depuis_orchestre.jpg\" alt=\"\" width=\"1500\" height=\"1000\" \/><\/p>\n<p>Lassen Sie sich anschlie\u00dfend von Aktivit\u00e4ten \u00fcberraschen, die alle f\u00fcnf Sinne ansprechen. <a target=\"_blank\" href=\"https:\/\/www.mystrasbourg.com\/aktivitaten-in-strassburg-ihr-massgeschneidertes-incentive-scb\/benedicte-gonnet-decouvrir-le-patrimoine-a-travers-les-5-sens\">B\u00e9n\u00e9dicte Gonnet l\u00e4dt mit ihren sensorischen F\u00fchrungen<\/a> dazu ein, das els\u00e4ssische Erbe auf eine ganz neue Art und Weise zu entdecken.<\/p>\n<p>Spazieren Sie am sp\u00e4ten Nachmittag durch das Neustadt-Viertel, ebenfalls Teil des UNESCO-Weltkulturerbes. Bewundern Sie die Architektur der deutschen Kaiserzeit, die besonders w\u00e4hrend der Goldenen Stunde in ihrem majest\u00e4tischen Glanz erstrahlt.<\/p>\n<p>Abschluss des Tages und des Programms bildet ein stilvoller Aperitif in der Brasserie <a target=\"_blank\" href=\"https:\/\/www.mystrasbourg.com\/de\/restaurants-in-strassburg-seminare-kolloquien-und-konferenzen-scb\/chere-amie\">Ch\u00e8re Amie<\/a>, gefolgt von einem Tapas-Dinner und seinen perfekt abgestimmten Weinen an Bord des <a target=\"_blank\" href=\"https:\/\/www.mystrasbourg.com\/ungewohnliche-orte-scb\/ill-vino-bar\">Hausboots Ill Vino<\/a>.<\/p>\n<p>Und schlie\u00dflich hei\u00dft es Schlafengehen \u2013 mit dem Wunsch, bald nach Stra\u00dfburg zur\u00fcckzukehren, dessen Charme bei jedem Besuch aufs Neue verzaubert.<\/p>\n<p style=\"text-align: right; font-size: 13px; clear: both;\"><em>Petite france &#8211; Ba\u0302teau mouche \u00a9 Christophe Hamm<\/em><\/p>\n","protected":false},"excerpt":{"rendered":"<p>Das Palais des Congr\u00e8s in Stra\u00dfburg wurde vor Kurzem, bei einer Zeremonie in Ho-Chi-Minh-Stadt in Vietnam, zum zweiten Mal in<\/p>\n<div class=\"view-full-post\"><a href=\"https:\/\/www.meet-in-alsace.com\/de\/24-stunden-in-strassburg-highlights-um-die-6-franzosische-kongressstadt-zu-entdecken\/\" class=\"more-link\">+<\/a><\/div>\n","protected":false},"author":15,"featured_media":11769,"comment_status":"closed","ping_status":"closed","sticky":false,"template":"","format":"standard","meta":{"_et_pb_use_builder":"","_et_pb_old_content":"","_et_gb_content_width":"","inline_featured_image":false,"footnotes":""},"categories":[101],"tags":[],"class_list":["post-11762","post","type-post","status-publish","format-standard","has-post-thumbnail","hentry","category-strasbourg-de"],"yoast_head":"<!-- This site is optimized with the Yoast SEO plugin v27.4 - https:\/\/yoast.com\/product\/yoast-seo-wordpress\/ -->\n<title>24 Stunden in Stra\u00dfburg: Highlights, um die 6. franz\u00f6sische Kongressstadt zu entdecken - Meet in Alsace<\/title>\n<meta name=\"robots\" content=\"index, follow, max-snippet:-1, max-image-preview:large, max-video-preview:-1\" \/>\n<link rel=\"canonical\" href=\"https:\/\/www.meet-in-alsace.com\/de\/24-stunden-in-strassburg-highlights-um-die-6-franzosische-kongressstadt-zu-entdecken\/\" \/>\n<meta property=\"og:locale\" content=\"de_DE\" \/>\n<meta property=\"og:type\" content=\"article\" \/>\n<meta property=\"og:title\" content=\"24 Stunden in Stra\u00dfburg: Highlights, um die 6. franz\u00f6sische Kongressstadt zu entdecken - Meet in Alsace\" \/>\n<meta property=\"og:description\" content=\"Das Palais des Congr\u00e8s in Stra\u00dfburg wurde vor Kurzem, bei einer Zeremonie in Ho-Chi-Minh-Stadt in Vietnam, zum zweiten Mal in+\" \/>\n<meta property=\"og:url\" content=\"https:\/\/www.meet-in-alsace.com\/de\/24-stunden-in-strassburg-highlights-um-die-6-franzosische-kongressstadt-zu-entdecken\/\" \/>\n<meta property=\"og:site_name\" content=\"Meet in Alsace\" \/>\n<meta property=\"article:publisher\" content=\"https:\/\/www.facebook.com\/MeetinAlsace\/\" \/>\n<meta property=\"article:published_time\" content=\"2024-12-20T13:57:44+00:00\" \/>\n<meta property=\"article:modified_time\" content=\"2024-12-20T14:02:22+00:00\" \/>\n<meta property=\"og:image\" content=\"https:\/\/www.meet-in-alsace.com\/wp-content\/uploads\/2024\/12\/Le-Tigre.jpg\" \/>\n\t<meta property=\"og:image:width\" content=\"1500\" \/>\n\t<meta property=\"og:image:height\" content=\"999\" \/>\n\t<meta property=\"og:image:type\" content=\"image\/jpeg\" \/>\n<meta name=\"author\" content=\"Isabelle Mainier\" \/>\n<meta name=\"twitter:label1\" content=\"Verfasst von\" \/>\n\t<meta name=\"twitter:data1\" content=\"Isabelle Mainier\" \/>\n\t<meta name=\"twitter:label2\" content=\"Gesch\u00e4tzte Lesezeit\" \/>\n\t<meta name=\"twitter:data2\" content=\"4\u00a0Minuten\" \/>\n<script type=\"application\/ld+json\" class=\"yoast-schema-graph\">{\"@context\":\"https:\\\/\\\/schema.org\",\"@graph\":[{\"@type\":\"Article\",\"@id\":\"https:\\\/\\\/www.meet-in-alsace.com\\\/de\\\/24-stunden-in-strassburg-highlights-um-die-6-franzosische-kongressstadt-zu-entdecken\\\/#article\",\"isPartOf\":{\"@id\":\"https:\\\/\\\/www.meet-in-alsace.com\\\/de\\\/24-stunden-in-strassburg-highlights-um-die-6-franzosische-kongressstadt-zu-entdecken\\\/\"},\"author\":{\"name\":\"Isabelle Mainier\",\"@id\":\"https:\\\/\\\/www.meet-in-alsace.com\\\/de\\\/#\\\/schema\\\/person\\\/0370b36f67344792337077f90f78874f\"},\"headline\":\"24 Stunden in Stra\u00dfburg: Highlights, um die 6. franz\u00f6sische Kongressstadt zu entdecken\",\"datePublished\":\"2024-12-20T13:57:44+00:00\",\"dateModified\":\"2024-12-20T14:02:22+00:00\",\"mainEntityOfPage\":{\"@id\":\"https:\\\/\\\/www.meet-in-alsace.com\\\/de\\\/24-stunden-in-strassburg-highlights-um-die-6-franzosische-kongressstadt-zu-entdecken\\\/\"},\"wordCount\":587,\"publisher\":{\"@id\":\"https:\\\/\\\/www.meet-in-alsace.com\\\/de\\\/#organization\"},\"image\":{\"@id\":\"https:\\\/\\\/www.meet-in-alsace.com\\\/de\\\/24-stunden-in-strassburg-highlights-um-die-6-franzosische-kongressstadt-zu-entdecken\\\/#primaryimage\"},\"thumbnailUrl\":\"https:\\\/\\\/www.meet-in-alsace.com\\\/wp-content\\\/uploads\\\/2024\\\/12\\\/Le-Tigre.jpg\",\"articleSection\":[\"Strasbourg\"],\"inLanguage\":\"de\"},{\"@type\":\"WebPage\",\"@id\":\"https:\\\/\\\/www.meet-in-alsace.com\\\/de\\\/24-stunden-in-strassburg-highlights-um-die-6-franzosische-kongressstadt-zu-entdecken\\\/\",\"url\":\"https:\\\/\\\/www.meet-in-alsace.com\\\/de\\\/24-stunden-in-strassburg-highlights-um-die-6-franzosische-kongressstadt-zu-entdecken\\\/\",\"name\":\"24 Stunden in Stra\u00dfburg: Highlights, um die 6. franz\u00f6sische Kongressstadt zu entdecken - Meet in Alsace\",\"isPartOf\":{\"@id\":\"https:\\\/\\\/www.meet-in-alsace.com\\\/de\\\/#website\"},\"primaryImageOfPage\":{\"@id\":\"https:\\\/\\\/www.meet-in-alsace.com\\\/de\\\/24-stunden-in-strassburg-highlights-um-die-6-franzosische-kongressstadt-zu-entdecken\\\/#primaryimage\"},\"image\":{\"@id\":\"https:\\\/\\\/www.meet-in-alsace.com\\\/de\\\/24-stunden-in-strassburg-highlights-um-die-6-franzosische-kongressstadt-zu-entdecken\\\/#primaryimage\"},\"thumbnailUrl\":\"https:\\\/\\\/www.meet-in-alsace.com\\\/wp-content\\\/uploads\\\/2024\\\/12\\\/Le-Tigre.jpg\",\"datePublished\":\"2024-12-20T13:57:44+00:00\",\"dateModified\":\"2024-12-20T14:02:22+00:00\",\"breadcrumb\":{\"@id\":\"https:\\\/\\\/www.meet-in-alsace.com\\\/de\\\/24-stunden-in-strassburg-highlights-um-die-6-franzosische-kongressstadt-zu-entdecken\\\/#breadcrumb\"},\"inLanguage\":\"de\",\"potentialAction\":[{\"@type\":\"ReadAction\",\"target\":[\"https:\\\/\\\/www.meet-in-alsace.com\\\/de\\\/24-stunden-in-strassburg-highlights-um-die-6-franzosische-kongressstadt-zu-entdecken\\\/\"]}]},{\"@type\":\"ImageObject\",\"inLanguage\":\"de\",\"@id\":\"https:\\\/\\\/www.meet-in-alsace.com\\\/de\\\/24-stunden-in-strassburg-highlights-um-die-6-franzosische-kongressstadt-zu-entdecken\\\/#primaryimage\",\"url\":\"https:\\\/\\\/www.meet-in-alsace.com\\\/wp-content\\\/uploads\\\/2024\\\/12\\\/Le-Tigre.jpg\",\"contentUrl\":\"https:\\\/\\\/www.meet-in-alsace.com\\\/wp-content\\\/uploads\\\/2024\\\/12\\\/Le-Tigre.jpg\",\"width\":1500,\"height\":999},{\"@type\":\"BreadcrumbList\",\"@id\":\"https:\\\/\\\/www.meet-in-alsace.com\\\/de\\\/24-stunden-in-strassburg-highlights-um-die-6-franzosische-kongressstadt-zu-entdecken\\\/#breadcrumb\",\"itemListElement\":[{\"@type\":\"ListItem\",\"position\":1,\"name\":\"Meet In Alsace\",\"item\":\"https:\\\/\\\/www.meet-in-alsace.com\\\/de\\\/\"},{\"@type\":\"ListItem\",\"position\":2,\"name\":\"24 Stunden in Stra\u00dfburg: Highlights, um die 6. franz\u00f6sische Kongressstadt zu entdecken\"}]},{\"@type\":\"WebSite\",\"@id\":\"https:\\\/\\\/www.meet-in-alsace.com\\\/de\\\/#website\",\"url\":\"https:\\\/\\\/www.meet-in-alsace.com\\\/de\\\/\",\"name\":\"Meet in Alsace\",\"description\":\"Ihr n\u00e4chstes Ziel f\u00fcr Kongress und Seminar\\r\\n\",\"publisher\":{\"@id\":\"https:\\\/\\\/www.meet-in-alsace.com\\\/de\\\/#organization\"},\"potentialAction\":[{\"@type\":\"SearchAction\",\"target\":{\"@type\":\"EntryPoint\",\"urlTemplate\":\"https:\\\/\\\/www.meet-in-alsace.com\\\/de\\\/?s={search_term_string}\"},\"query-input\":{\"@type\":\"PropertyValueSpecification\",\"valueRequired\":true,\"valueName\":\"search_term_string\"}}],\"inLanguage\":\"de\"},{\"@type\":\"Organization\",\"@id\":\"https:\\\/\\\/www.meet-in-alsace.com\\\/de\\\/#organization\",\"name\":\"Meet in Alsace\",\"url\":\"https:\\\/\\\/www.meet-in-alsace.com\\\/de\\\/\",\"logo\":{\"@type\":\"ImageObject\",\"inLanguage\":\"de\",\"@id\":\"https:\\\/\\\/www.meet-in-alsace.com\\\/de\\\/#\\\/schema\\\/logo\\\/image\\\/\",\"url\":\"https:\\\/\\\/www.meet-in-alsace.com\\\/wp-content\\\/uploads\\\/2016\\\/09\\\/meet-in-alsace.png\",\"contentUrl\":\"https:\\\/\\\/www.meet-in-alsace.com\\\/wp-content\\\/uploads\\\/2016\\\/09\\\/meet-in-alsace.png\",\"width\":303,\"height\":256,\"caption\":\"Meet in Alsace\"},\"image\":{\"@id\":\"https:\\\/\\\/www.meet-in-alsace.com\\\/de\\\/#\\\/schema\\\/logo\\\/image\\\/\"},\"sameAs\":[\"https:\\\/\\\/www.facebook.com\\\/MeetinAlsace\\\/\",\"https:\\\/\\\/x.com\\\/MeetinAlsace\",\"https:\\\/\\\/www.linkedin.com\\\/company\\\/meet-in-alsace\"]},{\"@type\":\"Person\",\"@id\":\"https:\\\/\\\/www.meet-in-alsace.com\\\/de\\\/#\\\/schema\\\/person\\\/0370b36f67344792337077f90f78874f\",\"name\":\"Isabelle Mainier\",\"image\":{\"@type\":\"ImageObject\",\"inLanguage\":\"de\",\"@id\":\"https:\\\/\\\/secure.gravatar.com\\\/avatar\\\/90052828b228a313110d219ccd0dad25088c636cbe31f34341236fc2786f1143?s=96&d=mm&r=g\",\"url\":\"https:\\\/\\\/secure.gravatar.com\\\/avatar\\\/90052828b228a313110d219ccd0dad25088c636cbe31f34341236fc2786f1143?s=96&d=mm&r=g\",\"contentUrl\":\"https:\\\/\\\/secure.gravatar.com\\\/avatar\\\/90052828b228a313110d219ccd0dad25088c636cbe31f34341236fc2786f1143?s=96&d=mm&r=g\",\"caption\":\"Isabelle Mainier\"},\"url\":\"https:\\\/\\\/www.meet-in-alsace.com\\\/de\\\/author\\\/admin-iza\\\/\"}]}<\/script>\n<!-- \/ Yoast SEO plugin. -->","yoast_head_json":{"title":"24 Stunden in Stra\u00dfburg: Highlights, um die 6. franz\u00f6sische Kongressstadt zu entdecken - Meet in Alsace","robots":{"index":"index","follow":"follow","max-snippet":"max-snippet:-1","max-image-preview":"max-image-preview:large","max-video-preview":"max-video-preview:-1"},"canonical":"https:\/\/www.meet-in-alsace.com\/de\/24-stunden-in-strassburg-highlights-um-die-6-franzosische-kongressstadt-zu-entdecken\/","og_locale":"de_DE","og_type":"article","og_title":"24 Stunden in Stra\u00dfburg: Highlights, um die 6. franz\u00f6sische Kongressstadt zu entdecken - Meet in Alsace","og_description":"Das Palais des Congr\u00e8s in Stra\u00dfburg wurde vor Kurzem, bei einer Zeremonie in Ho-Chi-Minh-Stadt in Vietnam, zum zweiten Mal in+","og_url":"https:\/\/www.meet-in-alsace.com\/de\/24-stunden-in-strassburg-highlights-um-die-6-franzosische-kongressstadt-zu-entdecken\/","og_site_name":"Meet in Alsace","article_publisher":"https:\/\/www.facebook.com\/MeetinAlsace\/","article_published_time":"2024-12-20T13:57:44+00:00","article_modified_time":"2024-12-20T14:02:22+00:00","og_image":[{"width":1500,"height":999,"url":"https:\/\/www.meet-in-alsace.com\/wp-content\/uploads\/2024\/12\/Le-Tigre.jpg","type":"image\/jpeg"}],"author":"Isabelle Mainier","twitter_misc":{"Verfasst von":"Isabelle Mainier","Gesch\u00e4tzte Lesezeit":"4\u00a0Minuten"},"schema":{"@context":"https:\/\/schema.org","@graph":[{"@type":"Article","@id":"https:\/\/www.meet-in-alsace.com\/de\/24-stunden-in-strassburg-highlights-um-die-6-franzosische-kongressstadt-zu-entdecken\/#article","isPartOf":{"@id":"https:\/\/www.meet-in-alsace.com\/de\/24-stunden-in-strassburg-highlights-um-die-6-franzosische-kongressstadt-zu-entdecken\/"},"author":{"name":"Isabelle Mainier","@id":"https:\/\/www.meet-in-alsace.com\/de\/#\/schema\/person\/0370b36f67344792337077f90f78874f"},"headline":"24 Stunden in Stra\u00dfburg: Highlights, um die 6. franz\u00f6sische Kongressstadt zu entdecken","datePublished":"2024-12-20T13:57:44+00:00","dateModified":"2024-12-20T14:02:22+00:00","mainEntityOfPage":{"@id":"https:\/\/www.meet-in-alsace.com\/de\/24-stunden-in-strassburg-highlights-um-die-6-franzosische-kongressstadt-zu-entdecken\/"},"wordCount":587,"publisher":{"@id":"https:\/\/www.meet-in-alsace.com\/de\/#organization"},"image":{"@id":"https:\/\/www.meet-in-alsace.com\/de\/24-stunden-in-strassburg-highlights-um-die-6-franzosische-kongressstadt-zu-entdecken\/#primaryimage"},"thumbnailUrl":"https:\/\/www.meet-in-alsace.com\/wp-content\/uploads\/2024\/12\/Le-Tigre.jpg","articleSection":["Strasbourg"],"inLanguage":"de"},{"@type":"WebPage","@id":"https:\/\/www.meet-in-alsace.com\/de\/24-stunden-in-strassburg-highlights-um-die-6-franzosische-kongressstadt-zu-entdecken\/","url":"https:\/\/www.meet-in-alsace.com\/de\/24-stunden-in-strassburg-highlights-um-die-6-franzosische-kongressstadt-zu-entdecken\/","name":"24 Stunden in Stra\u00dfburg: Highlights, um die 6. franz\u00f6sische Kongressstadt zu entdecken - Meet in Alsace","isPartOf":{"@id":"https:\/\/www.meet-in-alsace.com\/de\/#website"},"primaryImageOfPage":{"@id":"https:\/\/www.meet-in-alsace.com\/de\/24-stunden-in-strassburg-highlights-um-die-6-franzosische-kongressstadt-zu-entdecken\/#primaryimage"},"image":{"@id":"https:\/\/www.meet-in-alsace.com\/de\/24-stunden-in-strassburg-highlights-um-die-6-franzosische-kongressstadt-zu-entdecken\/#primaryimage"},"thumbnailUrl":"https:\/\/www.meet-in-alsace.com\/wp-content\/uploads\/2024\/12\/Le-Tigre.jpg","datePublished":"2024-12-20T13:57:44+00:00","dateModified":"2024-12-20T14:02:22+00:00","breadcrumb":{"@id":"https:\/\/www.meet-in-alsace.com\/de\/24-stunden-in-strassburg-highlights-um-die-6-franzosische-kongressstadt-zu-entdecken\/#breadcrumb"},"inLanguage":"de","potentialAction":[{"@type":"ReadAction","target":["https:\/\/www.meet-in-alsace.com\/de\/24-stunden-in-strassburg-highlights-um-die-6-franzosische-kongressstadt-zu-entdecken\/"]}]},{"@type":"ImageObject","inLanguage":"de","@id":"https:\/\/www.meet-in-alsace.com\/de\/24-stunden-in-strassburg-highlights-um-die-6-franzosische-kongressstadt-zu-entdecken\/#primaryimage","url":"https:\/\/www.meet-in-alsace.com\/wp-content\/uploads\/2024\/12\/Le-Tigre.jpg","contentUrl":"https:\/\/www.meet-in-alsace.com\/wp-content\/uploads\/2024\/12\/Le-Tigre.jpg","width":1500,"height":999},{"@type":"BreadcrumbList","@id":"https:\/\/www.meet-in-alsace.com\/de\/24-stunden-in-strassburg-highlights-um-die-6-franzosische-kongressstadt-zu-entdecken\/#breadcrumb","itemListElement":[{"@type":"ListItem","position":1,"name":"Meet In Alsace","item":"https:\/\/www.meet-in-alsace.com\/de\/"},{"@type":"ListItem","position":2,"name":"24 Stunden in Stra\u00dfburg: Highlights, um die 6. franz\u00f6sische Kongressstadt zu entdecken"}]},{"@type":"WebSite","@id":"https:\/\/www.meet-in-alsace.com\/de\/#website","url":"https:\/\/www.meet-in-alsace.com\/de\/","name":"Meet in Alsace","description":"Ihr n\u00e4chstes Ziel f\u00fcr Kongress und Seminar\r\n","publisher":{"@id":"https:\/\/www.meet-in-alsace.com\/de\/#organization"},"potentialAction":[{"@type":"SearchAction","target":{"@type":"EntryPoint","urlTemplate":"https:\/\/www.meet-in-alsace.com\/de\/?s={search_term_string}"},"query-input":{"@type":"PropertyValueSpecification","valueRequired":true,"valueName":"search_term_string"}}],"inLanguage":"de"},{"@type":"Organization","@id":"https:\/\/www.meet-in-alsace.com\/de\/#organization","name":"Meet in Alsace","url":"https:\/\/www.meet-in-alsace.com\/de\/","logo":{"@type":"ImageObject","inLanguage":"de","@id":"https:\/\/www.meet-in-alsace.com\/de\/#\/schema\/logo\/image\/","url":"https:\/\/www.meet-in-alsace.com\/wp-content\/uploads\/2016\/09\/meet-in-alsace.png","contentUrl":"https:\/\/www.meet-in-alsace.com\/wp-content\/uploads\/2016\/09\/meet-in-alsace.png","width":303,"height":256,"caption":"Meet in Alsace"},"image":{"@id":"https:\/\/www.meet-in-alsace.com\/de\/#\/schema\/logo\/image\/"},"sameAs":["https:\/\/www.facebook.com\/MeetinAlsace\/","https:\/\/x.com\/MeetinAlsace","https:\/\/www.linkedin.com\/company\/meet-in-alsace"]},{"@type":"Person","@id":"https:\/\/www.meet-in-alsace.com\/de\/#\/schema\/person\/0370b36f67344792337077f90f78874f","name":"Isabelle Mainier","image":{"@type":"ImageObject","inLanguage":"de","@id":"https:\/\/secure.gravatar.com\/avatar\/90052828b228a313110d219ccd0dad25088c636cbe31f34341236fc2786f1143?s=96&d=mm&r=g","url":"https:\/\/secure.gravatar.com\/avatar\/90052828b228a313110d219ccd0dad25088c636cbe31f34341236fc2786f1143?s=96&d=mm&r=g","contentUrl":"https:\/\/secure.gravatar.com\/avatar\/90052828b228a313110d219ccd0dad25088c636cbe31f34341236fc2786f1143?s=96&d=mm&r=g","caption":"Isabelle Mainier"},"url":"https:\/\/www.meet-in-alsace.com\/de\/author\/admin-iza\/"}]}},"_links":{"self":[{"href":"https:\/\/www.meet-in-alsace.com\/de\/wp-json\/wp\/v2\/posts\/11762","targetHints":{"allow":["GET"]}}],"collection":[{"href":"https:\/\/www.meet-in-alsace.com\/de\/wp-json\/wp\/v2\/posts"}],"about":[{"href":"https:\/\/www.meet-in-alsace.com\/de\/wp-json\/wp\/v2\/types\/post"}],"author":[{"embeddable":true,"href":"https:\/\/www.meet-in-alsace.com\/de\/wp-json\/wp\/v2\/users\/15"}],"replies":[{"embeddable":true,"href":"https:\/\/www.meet-in-alsace.com\/de\/wp-json\/wp\/v2\/comments?post=11762"}],"version-history":[{"count":0,"href":"https:\/\/www.meet-in-alsace.com\/de\/wp-json\/wp\/v2\/posts\/11762\/revisions"}],"wp:featuredmedia":[{"embeddable":true,"href":"https:\/\/www.meet-in-alsace.com\/de\/wp-json\/wp\/v2\/media\/11769"}],"wp:attachment":[{"href":"https:\/\/www.meet-in-alsace.com\/de\/wp-json\/wp\/v2\/media?parent=11762"}],"wp:term":[{"taxonomy":"category","embeddable":true,"href":"https:\/\/www.meet-in-alsace.com\/de\/wp-json\/wp\/v2\/categories?post=11762"},{"taxonomy":"post_tag","embeddable":true,"href":"https:\/\/www.meet-in-alsace.com\/de\/wp-json\/wp\/v2\/tags?post=11762"}],"curies":[{"name":"wp","href":"https:\/\/api.w.org\/{rel}","templated":true}]}}