{"id":11782,"date":"2024-12-20T17:33:27","date_gmt":"2024-12-20T15:33:27","guid":{"rendered":"https:\/\/www.meet-in-alsace.com\/?p=11782"},"modified":"2024-12-20T17:33:27","modified_gmt":"2024-12-20T15:33:27","slug":"eine-geschaftsveranstaltung-in-strassburg-zum-jahresende-organisieren-ein-zauberhafter-vorgeschmack-auf-weihnachten","status":"publish","type":"post","link":"https:\/\/www.meet-in-alsace.com\/de\/eine-geschaftsveranstaltung-in-strassburg-zum-jahresende-organisieren-ein-zauberhafter-vorgeschmack-auf-weihnachten\/","title":{"rendered":"Eine Gesch\u00e4ftsveranstaltung in Stra\u00dfburg zum Jahresende organisieren? Ein zauberhafter Vorgeschmack auf Weihnachten!"},"content":{"rendered":"<p>Stra\u00dfburg ist nicht nur eine Stadt &#8211; es ist ein Erlebnis, eine Reise ins Herz von Tradition und Magie.<br \/>\nEine Veranstaltung w\u00e4hrend der magischen Zeit des Weihnachtsmarktes in der europ\u00e4ischen Hauptstadt zu organisieren, bedeutet weit mehr als nur eine Entdeckung: Es ist eine Lebenskunst!<\/p>\n<p><img decoding=\"async\" class=\"alignright wp-image-11784\" src=\"https:\/\/www.meet-in-alsace.com\/wp-content\/uploads\/2024\/12\/Strasbourg-noel_Damien-Maurin.jpg\" alt=\"\" width=\"292\" height=\"438\" \/>Mit seinen kopfsteingepflasterten Gassen, den Fachwerkh\u00e4usern, der m\u00e4rchenhaften Lichterdekoration und dem majest\u00e4tischen gro\u00dfen Weihnachtsbaum bietet Stra\u00dfburg eine unvergleichliche Kulisse zu dieser winterlichen Jahreszeit.<br \/>\nIm Dezember erstrahlt die Stadt in einem Meer aus Lichtern und schafft &#8211; begleitet von k\u00f6stlichen D\u00fcften &#8211; eine einzigartige, gesellige Atmosph\u00e4re.<br \/>\nIhr Weihnachtsmarkt, der \u00e4lteste und einer der ber\u00fchmtesten Europas, verwandelt jede Stra\u00dfenecke in ein lebendiges Theater.<br \/>\nStellen Sie sich Seminare oder teambildende Aktivit\u00e4ten vor, begleitet von Gl\u00fchweinpausen und dem Genuss von traditionellen Bredele-Weihnachtspl\u00e4tzchen. Oder Meetings, die mit einem Spaziergang durch die funkelnden Gassen und bunten Alleen des Weihnachtsmarkts enden. Ebenso runden Abendessen in den traditionellen gem\u00fctlichen und einladenden Winstubs im Viertel La Petite France, wo gro\u00dfz\u00fcgige els\u00e4ssische Spezialit\u00e4ten serviert werden, perfekt Ihre Gesch\u00e4ftsevents ab.<br \/>\nAuch bez\u00fcglich Unterk\u00fcnfte werden die 10\u00a0700 Zimmer in charmanten Hotels, Hotels mit gehobenem Standard, unabh\u00e4ngigen und Kettenhotels allen Erwartungen gerecht.<br \/>\nDie Veranstaltungsorte der Stadt, vom modernen Kongresszentrum Palais des Congr\u00e8s bis hin zu den vielf\u00e4ltigen Seminarr\u00e4umen der Hotels, eignen sich sowohl f\u00fcr gro\u00dfe Konferenzen als auch f\u00fcr kleinere Sitzungen f\u00fcr F\u00fchrungskr\u00e4fte.<\/p>\n<p>Die zentral in Europa gelegen Stadt ist hervorragend an das Bahn- und Flugnetz angebunden und somit f\u00fcr Teilnehmer aus ganz Europa bequem zu erreichen. Vor Ort steht Ihnen das gut ausgebaute Nahverkehrsnetz der Eurometropole f\u00fcr unkomplizierte Mobilit\u00e4t zur Verf\u00fcgung.<br \/>\nStra\u00dfburg in dieser Jahreszeit als Reiseziel f\u00fcr Ihre gesch\u00e4ftlichen Veranstaltungen zu w\u00e4hlen, bedeutet, Arbeit mit dem Zauber der Weihnachtszeit zu verbinden. Ein berufliches Event wird hier zu einem unvergesslichen Erlebnis, das einen bleibenden Eindruck bei den Teilnehmern hinterl\u00e4sst, Beziehungen vertieft und sie mit Momenten voller W\u00e4rme und Authentizit\u00e4t bereichert.<br \/>\nKurz gesagt: Eine Veranstaltung in Stra\u00dfburg ist die Garantie bleibender Erinnerungen und eines erneuerten Engagements Ihrer Teams.<\/p>\n<p><img decoding=\"async\" class=\"alignright wp-image-11790 size-full\" src=\"https:\/\/www.meet-in-alsace.com\/wp-content\/uploads\/2024\/12\/Strasbourg-noel.jpg\" alt=\"\" width=\"1536\" height=\"1024\" \/><\/p>\n<p>&nbsp;<\/p>\n<p style=\"text-align: right; font-size: 13px; clear: both;\"><em>photos \u00a9 E. Cegarra &#8211; Damien Maurin &#8211; Istock<\/em><\/p>\n","protected":false},"excerpt":{"rendered":"<p>Stra\u00dfburg ist nicht nur eine Stadt &#8211; es ist ein Erlebnis, eine Reise ins Herz von Tradition und Magie. Eine<\/p>\n<div class=\"view-full-post\"><a href=\"https:\/\/www.meet-in-alsace.com\/de\/eine-geschaftsveranstaltung-in-strassburg-zum-jahresende-organisieren-ein-zauberhafter-vorgeschmack-auf-weihnachten\/\" class=\"more-link\">+<\/a><\/div>\n","protected":false},"author":15,"featured_media":11789,"comment_status":"closed","ping_status":"closed","sticky":false,"template":"","format":"standard","meta":{"_et_pb_use_builder":"","_et_pb_old_content":"","_et_gb_content_width":"","inline_featured_image":false,"footnotes":""},"categories":[101],"tags":[],"class_list":["post-11782","post","type-post","status-publish","format-standard","has-post-thumbnail","hentry","category-strasbourg-de"],"yoast_head":"<!-- This site is optimized with the Yoast SEO plugin v27.4 - https:\/\/yoast.com\/product\/yoast-seo-wordpress\/ -->\n<title>Eine Gesch\u00e4ftsveranstaltung in Stra\u00dfburg zum Jahresende organisieren? Ein zauberhafter Vorgeschmack auf Weihnachten! - Meet in Alsace<\/title>\n<meta name=\"robots\" content=\"index, follow, max-snippet:-1, max-image-preview:large, max-video-preview:-1\" \/>\n<link rel=\"canonical\" href=\"https:\/\/www.meet-in-alsace.com\/de\/eine-geschaftsveranstaltung-in-strassburg-zum-jahresende-organisieren-ein-zauberhafter-vorgeschmack-auf-weihnachten\/\" \/>\n<meta property=\"og:locale\" content=\"de_DE\" \/>\n<meta property=\"og:type\" content=\"article\" \/>\n<meta property=\"og:title\" content=\"Eine Gesch\u00e4ftsveranstaltung in Stra\u00dfburg zum Jahresende organisieren? Ein zauberhafter Vorgeschmack auf Weihnachten! - Meet in Alsace\" \/>\n<meta property=\"og:description\" content=\"Stra\u00dfburg ist nicht nur eine Stadt &#8211; es ist ein Erlebnis, eine Reise ins Herz von Tradition und Magie. Eine+\" \/>\n<meta property=\"og:url\" content=\"https:\/\/www.meet-in-alsace.com\/de\/eine-geschaftsveranstaltung-in-strassburg-zum-jahresende-organisieren-ein-zauberhafter-vorgeschmack-auf-weihnachten\/\" \/>\n<meta property=\"og:site_name\" content=\"Meet in Alsace\" \/>\n<meta property=\"article:publisher\" content=\"https:\/\/www.facebook.com\/MeetinAlsace\/\" \/>\n<meta property=\"article:published_time\" content=\"2024-12-20T15:33:27+00:00\" \/>\n<meta property=\"og:image\" content=\"https:\/\/www.meet-in-alsace.com\/wp-content\/uploads\/2024\/12\/Strasbourg-noel-ECegarra.jpg\" \/>\n\t<meta property=\"og:image:width\" content=\"1500\" \/>\n\t<meta property=\"og:image:height\" content=\"999\" \/>\n\t<meta property=\"og:image:type\" content=\"image\/jpeg\" \/>\n<meta name=\"author\" content=\"Isabelle Mainier\" \/>\n<meta name=\"twitter:label1\" content=\"Verfasst von\" \/>\n\t<meta name=\"twitter:data1\" content=\"Isabelle Mainier\" \/>\n\t<meta name=\"twitter:label2\" content=\"Gesch\u00e4tzte Lesezeit\" \/>\n\t<meta name=\"twitter:data2\" content=\"3\u00a0Minuten\" \/>\n<script type=\"application\/ld+json\" class=\"yoast-schema-graph\">{\"@context\":\"https:\\\/\\\/schema.org\",\"@graph\":[{\"@type\":\"Article\",\"@id\":\"https:\\\/\\\/www.meet-in-alsace.com\\\/de\\\/eine-geschaftsveranstaltung-in-strassburg-zum-jahresende-organisieren-ein-zauberhafter-vorgeschmack-auf-weihnachten\\\/#article\",\"isPartOf\":{\"@id\":\"https:\\\/\\\/www.meet-in-alsace.com\\\/de\\\/eine-geschaftsveranstaltung-in-strassburg-zum-jahresende-organisieren-ein-zauberhafter-vorgeschmack-auf-weihnachten\\\/\"},\"author\":{\"name\":\"Isabelle Mainier\",\"@id\":\"https:\\\/\\\/www.meet-in-alsace.com\\\/de\\\/#\\\/schema\\\/person\\\/0370b36f67344792337077f90f78874f\"},\"headline\":\"Eine Gesch\u00e4ftsveranstaltung in Stra\u00dfburg zum Jahresende organisieren? Ein zauberhafter Vorgeschmack auf Weihnachten!\",\"datePublished\":\"2024-12-20T15:33:27+00:00\",\"mainEntityOfPage\":{\"@id\":\"https:\\\/\\\/www.meet-in-alsace.com\\\/de\\\/eine-geschaftsveranstaltung-in-strassburg-zum-jahresende-organisieren-ein-zauberhafter-vorgeschmack-auf-weihnachten\\\/\"},\"wordCount\":387,\"publisher\":{\"@id\":\"https:\\\/\\\/www.meet-in-alsace.com\\\/de\\\/#organization\"},\"image\":{\"@id\":\"https:\\\/\\\/www.meet-in-alsace.com\\\/de\\\/eine-geschaftsveranstaltung-in-strassburg-zum-jahresende-organisieren-ein-zauberhafter-vorgeschmack-auf-weihnachten\\\/#primaryimage\"},\"thumbnailUrl\":\"https:\\\/\\\/www.meet-in-alsace.com\\\/wp-content\\\/uploads\\\/2024\\\/12\\\/Strasbourg-noel-ECegarra.jpg\",\"articleSection\":[\"Strasbourg\"],\"inLanguage\":\"de\"},{\"@type\":\"WebPage\",\"@id\":\"https:\\\/\\\/www.meet-in-alsace.com\\\/de\\\/eine-geschaftsveranstaltung-in-strassburg-zum-jahresende-organisieren-ein-zauberhafter-vorgeschmack-auf-weihnachten\\\/\",\"url\":\"https:\\\/\\\/www.meet-in-alsace.com\\\/de\\\/eine-geschaftsveranstaltung-in-strassburg-zum-jahresende-organisieren-ein-zauberhafter-vorgeschmack-auf-weihnachten\\\/\",\"name\":\"Eine Gesch\u00e4ftsveranstaltung in Stra\u00dfburg zum Jahresende organisieren? Ein zauberhafter Vorgeschmack auf Weihnachten! - Meet in Alsace\",\"isPartOf\":{\"@id\":\"https:\\\/\\\/www.meet-in-alsace.com\\\/de\\\/#website\"},\"primaryImageOfPage\":{\"@id\":\"https:\\\/\\\/www.meet-in-alsace.com\\\/de\\\/eine-geschaftsveranstaltung-in-strassburg-zum-jahresende-organisieren-ein-zauberhafter-vorgeschmack-auf-weihnachten\\\/#primaryimage\"},\"image\":{\"@id\":\"https:\\\/\\\/www.meet-in-alsace.com\\\/de\\\/eine-geschaftsveranstaltung-in-strassburg-zum-jahresende-organisieren-ein-zauberhafter-vorgeschmack-auf-weihnachten\\\/#primaryimage\"},\"thumbnailUrl\":\"https:\\\/\\\/www.meet-in-alsace.com\\\/wp-content\\\/uploads\\\/2024\\\/12\\\/Strasbourg-noel-ECegarra.jpg\",\"datePublished\":\"2024-12-20T15:33:27+00:00\",\"breadcrumb\":{\"@id\":\"https:\\\/\\\/www.meet-in-alsace.com\\\/de\\\/eine-geschaftsveranstaltung-in-strassburg-zum-jahresende-organisieren-ein-zauberhafter-vorgeschmack-auf-weihnachten\\\/#breadcrumb\"},\"inLanguage\":\"de\",\"potentialAction\":[{\"@type\":\"ReadAction\",\"target\":[\"https:\\\/\\\/www.meet-in-alsace.com\\\/de\\\/eine-geschaftsveranstaltung-in-strassburg-zum-jahresende-organisieren-ein-zauberhafter-vorgeschmack-auf-weihnachten\\\/\"]}]},{\"@type\":\"ImageObject\",\"inLanguage\":\"de\",\"@id\":\"https:\\\/\\\/www.meet-in-alsace.com\\\/de\\\/eine-geschaftsveranstaltung-in-strassburg-zum-jahresende-organisieren-ein-zauberhafter-vorgeschmack-auf-weihnachten\\\/#primaryimage\",\"url\":\"https:\\\/\\\/www.meet-in-alsace.com\\\/wp-content\\\/uploads\\\/2024\\\/12\\\/Strasbourg-noel-ECegarra.jpg\",\"contentUrl\":\"https:\\\/\\\/www.meet-in-alsace.com\\\/wp-content\\\/uploads\\\/2024\\\/12\\\/Strasbourg-noel-ECegarra.jpg\",\"width\":1500,\"height\":999},{\"@type\":\"BreadcrumbList\",\"@id\":\"https:\\\/\\\/www.meet-in-alsace.com\\\/de\\\/eine-geschaftsveranstaltung-in-strassburg-zum-jahresende-organisieren-ein-zauberhafter-vorgeschmack-auf-weihnachten\\\/#breadcrumb\",\"itemListElement\":[{\"@type\":\"ListItem\",\"position\":1,\"name\":\"Meet In Alsace\",\"item\":\"https:\\\/\\\/www.meet-in-alsace.com\\\/de\\\/\"},{\"@type\":\"ListItem\",\"position\":2,\"name\":\"Eine Gesch\u00e4ftsveranstaltung in Stra\u00dfburg zum Jahresende organisieren? Ein zauberhafter Vorgeschmack auf Weihnachten!\"}]},{\"@type\":\"WebSite\",\"@id\":\"https:\\\/\\\/www.meet-in-alsace.com\\\/de\\\/#website\",\"url\":\"https:\\\/\\\/www.meet-in-alsace.com\\\/de\\\/\",\"name\":\"Meet in Alsace\",\"description\":\"Ihr n\u00e4chstes Ziel f\u00fcr Kongress und Seminar\\r\\n\",\"publisher\":{\"@id\":\"https:\\\/\\\/www.meet-in-alsace.com\\\/de\\\/#organization\"},\"potentialAction\":[{\"@type\":\"SearchAction\",\"target\":{\"@type\":\"EntryPoint\",\"urlTemplate\":\"https:\\\/\\\/www.meet-in-alsace.com\\\/de\\\/?s={search_term_string}\"},\"query-input\":{\"@type\":\"PropertyValueSpecification\",\"valueRequired\":true,\"valueName\":\"search_term_string\"}}],\"inLanguage\":\"de\"},{\"@type\":\"Organization\",\"@id\":\"https:\\\/\\\/www.meet-in-alsace.com\\\/de\\\/#organization\",\"name\":\"Meet in Alsace\",\"url\":\"https:\\\/\\\/www.meet-in-alsace.com\\\/de\\\/\",\"logo\":{\"@type\":\"ImageObject\",\"inLanguage\":\"de\",\"@id\":\"https:\\\/\\\/www.meet-in-alsace.com\\\/de\\\/#\\\/schema\\\/logo\\\/image\\\/\",\"url\":\"https:\\\/\\\/www.meet-in-alsace.com\\\/wp-content\\\/uploads\\\/2016\\\/09\\\/meet-in-alsace.png\",\"contentUrl\":\"https:\\\/\\\/www.meet-in-alsace.com\\\/wp-content\\\/uploads\\\/2016\\\/09\\\/meet-in-alsace.png\",\"width\":303,\"height\":256,\"caption\":\"Meet in Alsace\"},\"image\":{\"@id\":\"https:\\\/\\\/www.meet-in-alsace.com\\\/de\\\/#\\\/schema\\\/logo\\\/image\\\/\"},\"sameAs\":[\"https:\\\/\\\/www.facebook.com\\\/MeetinAlsace\\\/\",\"https:\\\/\\\/x.com\\\/MeetinAlsace\",\"https:\\\/\\\/www.linkedin.com\\\/company\\\/meet-in-alsace\"]},{\"@type\":\"Person\",\"@id\":\"https:\\\/\\\/www.meet-in-alsace.com\\\/de\\\/#\\\/schema\\\/person\\\/0370b36f67344792337077f90f78874f\",\"name\":\"Isabelle Mainier\",\"image\":{\"@type\":\"ImageObject\",\"inLanguage\":\"de\",\"@id\":\"https:\\\/\\\/secure.gravatar.com\\\/avatar\\\/90052828b228a313110d219ccd0dad25088c636cbe31f34341236fc2786f1143?s=96&d=mm&r=g\",\"url\":\"https:\\\/\\\/secure.gravatar.com\\\/avatar\\\/90052828b228a313110d219ccd0dad25088c636cbe31f34341236fc2786f1143?s=96&d=mm&r=g\",\"contentUrl\":\"https:\\\/\\\/secure.gravatar.com\\\/avatar\\\/90052828b228a313110d219ccd0dad25088c636cbe31f34341236fc2786f1143?s=96&d=mm&r=g\",\"caption\":\"Isabelle Mainier\"},\"url\":\"https:\\\/\\\/www.meet-in-alsace.com\\\/de\\\/author\\\/admin-iza\\\/\"}]}<\/script>\n<!-- \/ Yoast SEO plugin. -->","yoast_head_json":{"title":"Eine Gesch\u00e4ftsveranstaltung in Stra\u00dfburg zum Jahresende organisieren? Ein zauberhafter Vorgeschmack auf Weihnachten! - Meet in Alsace","robots":{"index":"index","follow":"follow","max-snippet":"max-snippet:-1","max-image-preview":"max-image-preview:large","max-video-preview":"max-video-preview:-1"},"canonical":"https:\/\/www.meet-in-alsace.com\/de\/eine-geschaftsveranstaltung-in-strassburg-zum-jahresende-organisieren-ein-zauberhafter-vorgeschmack-auf-weihnachten\/","og_locale":"de_DE","og_type":"article","og_title":"Eine Gesch\u00e4ftsveranstaltung in Stra\u00dfburg zum Jahresende organisieren? Ein zauberhafter Vorgeschmack auf Weihnachten! - Meet in Alsace","og_description":"Stra\u00dfburg ist nicht nur eine Stadt &#8211; es ist ein Erlebnis, eine Reise ins Herz von Tradition und Magie. Eine+","og_url":"https:\/\/www.meet-in-alsace.com\/de\/eine-geschaftsveranstaltung-in-strassburg-zum-jahresende-organisieren-ein-zauberhafter-vorgeschmack-auf-weihnachten\/","og_site_name":"Meet in Alsace","article_publisher":"https:\/\/www.facebook.com\/MeetinAlsace\/","article_published_time":"2024-12-20T15:33:27+00:00","og_image":[{"width":1500,"height":999,"url":"https:\/\/www.meet-in-alsace.com\/wp-content\/uploads\/2024\/12\/Strasbourg-noel-ECegarra.jpg","type":"image\/jpeg"}],"author":"Isabelle Mainier","twitter_misc":{"Verfasst von":"Isabelle Mainier","Gesch\u00e4tzte Lesezeit":"3\u00a0Minuten"},"schema":{"@context":"https:\/\/schema.org","@graph":[{"@type":"Article","@id":"https:\/\/www.meet-in-alsace.com\/de\/eine-geschaftsveranstaltung-in-strassburg-zum-jahresende-organisieren-ein-zauberhafter-vorgeschmack-auf-weihnachten\/#article","isPartOf":{"@id":"https:\/\/www.meet-in-alsace.com\/de\/eine-geschaftsveranstaltung-in-strassburg-zum-jahresende-organisieren-ein-zauberhafter-vorgeschmack-auf-weihnachten\/"},"author":{"name":"Isabelle Mainier","@id":"https:\/\/www.meet-in-alsace.com\/de\/#\/schema\/person\/0370b36f67344792337077f90f78874f"},"headline":"Eine Gesch\u00e4ftsveranstaltung in Stra\u00dfburg zum Jahresende organisieren? Ein zauberhafter Vorgeschmack auf Weihnachten!","datePublished":"2024-12-20T15:33:27+00:00","mainEntityOfPage":{"@id":"https:\/\/www.meet-in-alsace.com\/de\/eine-geschaftsveranstaltung-in-strassburg-zum-jahresende-organisieren-ein-zauberhafter-vorgeschmack-auf-weihnachten\/"},"wordCount":387,"publisher":{"@id":"https:\/\/www.meet-in-alsace.com\/de\/#organization"},"image":{"@id":"https:\/\/www.meet-in-alsace.com\/de\/eine-geschaftsveranstaltung-in-strassburg-zum-jahresende-organisieren-ein-zauberhafter-vorgeschmack-auf-weihnachten\/#primaryimage"},"thumbnailUrl":"https:\/\/www.meet-in-alsace.com\/wp-content\/uploads\/2024\/12\/Strasbourg-noel-ECegarra.jpg","articleSection":["Strasbourg"],"inLanguage":"de"},{"@type":"WebPage","@id":"https:\/\/www.meet-in-alsace.com\/de\/eine-geschaftsveranstaltung-in-strassburg-zum-jahresende-organisieren-ein-zauberhafter-vorgeschmack-auf-weihnachten\/","url":"https:\/\/www.meet-in-alsace.com\/de\/eine-geschaftsveranstaltung-in-strassburg-zum-jahresende-organisieren-ein-zauberhafter-vorgeschmack-auf-weihnachten\/","name":"Eine Gesch\u00e4ftsveranstaltung in Stra\u00dfburg zum Jahresende organisieren? Ein zauberhafter Vorgeschmack auf Weihnachten! - Meet in Alsace","isPartOf":{"@id":"https:\/\/www.meet-in-alsace.com\/de\/#website"},"primaryImageOfPage":{"@id":"https:\/\/www.meet-in-alsace.com\/de\/eine-geschaftsveranstaltung-in-strassburg-zum-jahresende-organisieren-ein-zauberhafter-vorgeschmack-auf-weihnachten\/#primaryimage"},"image":{"@id":"https:\/\/www.meet-in-alsace.com\/de\/eine-geschaftsveranstaltung-in-strassburg-zum-jahresende-organisieren-ein-zauberhafter-vorgeschmack-auf-weihnachten\/#primaryimage"},"thumbnailUrl":"https:\/\/www.meet-in-alsace.com\/wp-content\/uploads\/2024\/12\/Strasbourg-noel-ECegarra.jpg","datePublished":"2024-12-20T15:33:27+00:00","breadcrumb":{"@id":"https:\/\/www.meet-in-alsace.com\/de\/eine-geschaftsveranstaltung-in-strassburg-zum-jahresende-organisieren-ein-zauberhafter-vorgeschmack-auf-weihnachten\/#breadcrumb"},"inLanguage":"de","potentialAction":[{"@type":"ReadAction","target":["https:\/\/www.meet-in-alsace.com\/de\/eine-geschaftsveranstaltung-in-strassburg-zum-jahresende-organisieren-ein-zauberhafter-vorgeschmack-auf-weihnachten\/"]}]},{"@type":"ImageObject","inLanguage":"de","@id":"https:\/\/www.meet-in-alsace.com\/de\/eine-geschaftsveranstaltung-in-strassburg-zum-jahresende-organisieren-ein-zauberhafter-vorgeschmack-auf-weihnachten\/#primaryimage","url":"https:\/\/www.meet-in-alsace.com\/wp-content\/uploads\/2024\/12\/Strasbourg-noel-ECegarra.jpg","contentUrl":"https:\/\/www.meet-in-alsace.com\/wp-content\/uploads\/2024\/12\/Strasbourg-noel-ECegarra.jpg","width":1500,"height":999},{"@type":"BreadcrumbList","@id":"https:\/\/www.meet-in-alsace.com\/de\/eine-geschaftsveranstaltung-in-strassburg-zum-jahresende-organisieren-ein-zauberhafter-vorgeschmack-auf-weihnachten\/#breadcrumb","itemListElement":[{"@type":"ListItem","position":1,"name":"Meet In Alsace","item":"https:\/\/www.meet-in-alsace.com\/de\/"},{"@type":"ListItem","position":2,"name":"Eine Gesch\u00e4ftsveranstaltung in Stra\u00dfburg zum Jahresende organisieren? Ein zauberhafter Vorgeschmack auf Weihnachten!"}]},{"@type":"WebSite","@id":"https:\/\/www.meet-in-alsace.com\/de\/#website","url":"https:\/\/www.meet-in-alsace.com\/de\/","name":"Meet in Alsace","description":"Ihr n\u00e4chstes Ziel f\u00fcr Kongress und Seminar\r\n","publisher":{"@id":"https:\/\/www.meet-in-alsace.com\/de\/#organization"},"potentialAction":[{"@type":"SearchAction","target":{"@type":"EntryPoint","urlTemplate":"https:\/\/www.meet-in-alsace.com\/de\/?s={search_term_string}"},"query-input":{"@type":"PropertyValueSpecification","valueRequired":true,"valueName":"search_term_string"}}],"inLanguage":"de"},{"@type":"Organization","@id":"https:\/\/www.meet-in-alsace.com\/de\/#organization","name":"Meet in Alsace","url":"https:\/\/www.meet-in-alsace.com\/de\/","logo":{"@type":"ImageObject","inLanguage":"de","@id":"https:\/\/www.meet-in-alsace.com\/de\/#\/schema\/logo\/image\/","url":"https:\/\/www.meet-in-alsace.com\/wp-content\/uploads\/2016\/09\/meet-in-alsace.png","contentUrl":"https:\/\/www.meet-in-alsace.com\/wp-content\/uploads\/2016\/09\/meet-in-alsace.png","width":303,"height":256,"caption":"Meet in Alsace"},"image":{"@id":"https:\/\/www.meet-in-alsace.com\/de\/#\/schema\/logo\/image\/"},"sameAs":["https:\/\/www.facebook.com\/MeetinAlsace\/","https:\/\/x.com\/MeetinAlsace","https:\/\/www.linkedin.com\/company\/meet-in-alsace"]},{"@type":"Person","@id":"https:\/\/www.meet-in-alsace.com\/de\/#\/schema\/person\/0370b36f67344792337077f90f78874f","name":"Isabelle Mainier","image":{"@type":"ImageObject","inLanguage":"de","@id":"https:\/\/secure.gravatar.com\/avatar\/90052828b228a313110d219ccd0dad25088c636cbe31f34341236fc2786f1143?s=96&d=mm&r=g","url":"https:\/\/secure.gravatar.com\/avatar\/90052828b228a313110d219ccd0dad25088c636cbe31f34341236fc2786f1143?s=96&d=mm&r=g","contentUrl":"https:\/\/secure.gravatar.com\/avatar\/90052828b228a313110d219ccd0dad25088c636cbe31f34341236fc2786f1143?s=96&d=mm&r=g","caption":"Isabelle Mainier"},"url":"https:\/\/www.meet-in-alsace.com\/de\/author\/admin-iza\/"}]}},"_links":{"self":[{"href":"https:\/\/www.meet-in-alsace.com\/de\/wp-json\/wp\/v2\/posts\/11782","targetHints":{"allow":["GET"]}}],"collection":[{"href":"https:\/\/www.meet-in-alsace.com\/de\/wp-json\/wp\/v2\/posts"}],"about":[{"href":"https:\/\/www.meet-in-alsace.com\/de\/wp-json\/wp\/v2\/types\/post"}],"author":[{"embeddable":true,"href":"https:\/\/www.meet-in-alsace.com\/de\/wp-json\/wp\/v2\/users\/15"}],"replies":[{"embeddable":true,"href":"https:\/\/www.meet-in-alsace.com\/de\/wp-json\/wp\/v2\/comments?post=11782"}],"version-history":[{"count":0,"href":"https:\/\/www.meet-in-alsace.com\/de\/wp-json\/wp\/v2\/posts\/11782\/revisions"}],"wp:featuredmedia":[{"embeddable":true,"href":"https:\/\/www.meet-in-alsace.com\/de\/wp-json\/wp\/v2\/media\/11789"}],"wp:attachment":[{"href":"https:\/\/www.meet-in-alsace.com\/de\/wp-json\/wp\/v2\/media?parent=11782"}],"wp:term":[{"taxonomy":"category","embeddable":true,"href":"https:\/\/www.meet-in-alsace.com\/de\/wp-json\/wp\/v2\/categories?post=11782"},{"taxonomy":"post_tag","embeddable":true,"href":"https:\/\/www.meet-in-alsace.com\/de\/wp-json\/wp\/v2\/tags?post=11782"}],"curies":[{"name":"wp","href":"https:\/\/api.w.org\/{rel}","templated":true}]}}