{"id":10430,"date":"2023-10-02T13:02:25","date_gmt":"2023-10-02T11:02:25","guid":{"rendered":"https:\/\/www.meet-in-alsace.com\/des-scientifiques-de-renommee-internationale-a-strasbourg-pour-le-congres-franco-allemand-dimmunologie\/"},"modified":"2023-11-29T13:50:59","modified_gmt":"2023-11-29T11:50:59","slug":"des-scientifiques-de-renommee-internationale-a-strasbourg-pour-le-congres-franco-allemand-dimmunologie","status":"publish","type":"post","link":"https:\/\/www.meet-in-alsace.com\/en\/des-scientifiques-de-renommee-internationale-a-strasbourg-pour-le-congres-franco-allemand-dimmunologie\/","title":{"rendered":"Internationally renowned scientists in Strasbourg for the Franco-German immunology joint meeting"},"content":{"rendered":"<p><strong>We were honoured to host the joint meeting of the Soci\u00e9t\u00e9 Fran\u00e7aise d&#8217;Immunologie (SFI) and the Deutsche Gesellschaft f\u00fcr Immunologie (DGfI), which was held at the Palais des Congr\u00e8s in Strasbourg from 26 to 29 September 2023. \u00a0<\/strong><\/p>\n<p><strong>Objective: to highlight the key interests of the immunology societies in Strasbourg, Fribourg, and Basel.<\/strong><br \/>\nMore than 4,000 members of the <a href=\"https:\/\/immunology.fr\/en\/\" target=\"_blank\" rel=\"noopener\">French Society of Immunology (SFI)<\/a> and the <a href=\"https:\/\/dgfi.org\/dgfi-en\/?noredirect=en_US\" target=\"_blank\" rel=\"noopener\">Deutsche Gesellschaft f\u00fcr Immunologie (DGfI)<\/a> participated in the sessions, in addition to over a thousand guests, including scientists involved in fundamental and translational research, as well as French and German clinicians.<\/p>\n<p>Held at Strasbourg&#8217;s Palais des Congr\u00e8s, the conference served as an incubator for new ideas and exchanges, with the participation of internationally renowned scientists such as the US-based Diane Mathis, who began her career in <a href=\"https:\/\/www.igbmc.fr\/en\/\" target=\"_blank\" rel=\"noopener\">Strasbourg<\/a> alongside <a href=\"https:\/\/www.usias.fr\/en\/chairs\/pierre-chambon\/\" target=\"_blank\" rel=\"noopener\">Pierre Chambon<\/a>, as well as Christopher Buckley (United Kingdom), Chenqi Xu (China), and Sebastian Amigorena (France).<\/p>\n<p><strong>The focus of the meeting: cancer immunology.<\/strong><br \/>\nThrough presentation workshops, the conference also aimed to encourage a new generation of researchers. Special emphasis was placed on the Young Immunologists of the European Federation of Immunology, but also on development and clinical research. Industrial representatives were also invited to strengthen the scientific and technological impact of the research and advancements.<\/p>\n<p><img decoding=\"async\" class=\"aligncenter size-full wp-image-10259\" src=\"https:\/\/www.meet-in-alsace.com\/wp-content\/uploads\/2023\/11\/SFI-2023.jpg\" alt=\"\" width=\"800\" height=\"253\" \/><\/p>\n","protected":false},"excerpt":{"rendered":"<p>We were honoured to host the joint meeting of the Soci\u00e9t\u00e9 Fran\u00e7aise d&#8217;Immunologie (SFI) and the Deutsche Gesellschaft f\u00fcr Immunologie<\/p>\n<div class=\"view-full-post\"><a href=\"https:\/\/www.meet-in-alsace.com\/en\/des-scientifiques-de-renommee-internationale-a-strasbourg-pour-le-congres-franco-allemand-dimmunologie\/\" class=\"more-link\">+<\/a><\/div>\n","protected":false},"author":15,"featured_media":10266,"comment_status":"closed","ping_status":"closed","sticky":false,"template":"","format":"standard","meta":{"_et_pb_use_builder":"","_et_pb_old_content":"","_et_gb_content_width":"","inline_featured_image":false,"footnotes":""},"categories":[100],"tags":[],"class_list":["post-10430","post","type-post","status-publish","format-standard","has-post-thumbnail","hentry","category-strasbourg-en"],"yoast_head":"<!-- This site is optimized with the Yoast SEO plugin v27.4 - https:\/\/yoast.com\/product\/yoast-seo-wordpress\/ -->\n<title>Internationally renowned scientists in Strasbourg for the Franco-German immunology joint meeting - Meet in Alsace<\/title>\n<meta name=\"robots\" content=\"index, follow, max-snippet:-1, max-image-preview:large, max-video-preview:-1\" \/>\n<link rel=\"canonical\" href=\"https:\/\/www.meet-in-alsace.com\/en\/des-scientifiques-de-renommee-internationale-a-strasbourg-pour-le-congres-franco-allemand-dimmunologie\/\" \/>\n<meta property=\"og:locale\" content=\"en_US\" \/>\n<meta property=\"og:type\" content=\"article\" \/>\n<meta property=\"og:title\" content=\"Internationally renowned scientists in Strasbourg for the Franco-German immunology joint meeting - Meet in Alsace\" \/>\n<meta property=\"og:description\" content=\"We were honoured to host the joint meeting of the Soci\u00e9t\u00e9 Fran\u00e7aise d&#8217;Immunologie (SFI) and the Deutsche Gesellschaft f\u00fcr Immunologie+\" \/>\n<meta property=\"og:url\" content=\"https:\/\/www.meet-in-alsace.com\/en\/des-scientifiques-de-renommee-internationale-a-strasbourg-pour-le-congres-franco-allemand-dimmunologie\/\" \/>\n<meta property=\"og:site_name\" content=\"Meet in Alsace\" \/>\n<meta property=\"article:publisher\" content=\"https:\/\/www.facebook.com\/MeetinAlsace\/\" \/>\n<meta property=\"article:published_time\" content=\"2023-10-02T11:02:25+00:00\" \/>\n<meta property=\"article:modified_time\" content=\"2023-11-29T11:50:59+00:00\" \/>\n<meta property=\"og:image\" content=\"https:\/\/www.meet-in-alsace.com\/wp-content\/uploads\/2023\/11\/Strasbourg-SFI-palais-congres-1.jpg\" \/>\n\t<meta property=\"og:image:width\" content=\"1000\" \/>\n\t<meta property=\"og:image:height\" content=\"600\" \/>\n\t<meta property=\"og:image:type\" content=\"image\/jpeg\" \/>\n<meta name=\"author\" content=\"Isabelle Mainier\" \/>\n<meta name=\"twitter:label1\" content=\"Written by\" \/>\n\t<meta name=\"twitter:data1\" content=\"Isabelle Mainier\" \/>\n\t<meta name=\"twitter:label2\" content=\"Est. reading time\" \/>\n\t<meta name=\"twitter:data2\" content=\"2 minutes\" \/>\n<script type=\"application\/ld+json\" class=\"yoast-schema-graph\">{\"@context\":\"https:\\\/\\\/schema.org\",\"@graph\":[{\"@type\":\"Article\",\"@id\":\"https:\\\/\\\/www.meet-in-alsace.com\\\/en\\\/des-scientifiques-de-renommee-internationale-a-strasbourg-pour-le-congres-franco-allemand-dimmunologie\\\/#article\",\"isPartOf\":{\"@id\":\"https:\\\/\\\/www.meet-in-alsace.com\\\/en\\\/des-scientifiques-de-renommee-internationale-a-strasbourg-pour-le-congres-franco-allemand-dimmunologie\\\/\"},\"author\":{\"name\":\"Isabelle Mainier\",\"@id\":\"https:\\\/\\\/www.meet-in-alsace.com\\\/de\\\/#\\\/schema\\\/person\\\/0370b36f67344792337077f90f78874f\"},\"headline\":\"Internationally renowned scientists in Strasbourg for the Franco-German immunology joint meeting\",\"datePublished\":\"2023-10-02T11:02:25+00:00\",\"dateModified\":\"2023-11-29T11:50:59+00:00\",\"mainEntityOfPage\":{\"@id\":\"https:\\\/\\\/www.meet-in-alsace.com\\\/en\\\/des-scientifiques-de-renommee-internationale-a-strasbourg-pour-le-congres-franco-allemand-dimmunologie\\\/\"},\"wordCount\":223,\"publisher\":{\"@id\":\"https:\\\/\\\/www.meet-in-alsace.com\\\/de\\\/#organization\"},\"image\":{\"@id\":\"https:\\\/\\\/www.meet-in-alsace.com\\\/en\\\/des-scientifiques-de-renommee-internationale-a-strasbourg-pour-le-congres-franco-allemand-dimmunologie\\\/#primaryimage\"},\"thumbnailUrl\":\"https:\\\/\\\/www.meet-in-alsace.com\\\/wp-content\\\/uploads\\\/2023\\\/11\\\/Strasbourg-SFI-palais-congres-1.jpg\",\"articleSection\":[\"Strasbourg\"],\"inLanguage\":\"en-US\"},{\"@type\":\"WebPage\",\"@id\":\"https:\\\/\\\/www.meet-in-alsace.com\\\/en\\\/des-scientifiques-de-renommee-internationale-a-strasbourg-pour-le-congres-franco-allemand-dimmunologie\\\/\",\"url\":\"https:\\\/\\\/www.meet-in-alsace.com\\\/en\\\/des-scientifiques-de-renommee-internationale-a-strasbourg-pour-le-congres-franco-allemand-dimmunologie\\\/\",\"name\":\"Internationally renowned scientists in Strasbourg for the Franco-German immunology joint meeting - Meet in Alsace\",\"isPartOf\":{\"@id\":\"https:\\\/\\\/www.meet-in-alsace.com\\\/de\\\/#website\"},\"primaryImageOfPage\":{\"@id\":\"https:\\\/\\\/www.meet-in-alsace.com\\\/en\\\/des-scientifiques-de-renommee-internationale-a-strasbourg-pour-le-congres-franco-allemand-dimmunologie\\\/#primaryimage\"},\"image\":{\"@id\":\"https:\\\/\\\/www.meet-in-alsace.com\\\/en\\\/des-scientifiques-de-renommee-internationale-a-strasbourg-pour-le-congres-franco-allemand-dimmunologie\\\/#primaryimage\"},\"thumbnailUrl\":\"https:\\\/\\\/www.meet-in-alsace.com\\\/wp-content\\\/uploads\\\/2023\\\/11\\\/Strasbourg-SFI-palais-congres-1.jpg\",\"datePublished\":\"2023-10-02T11:02:25+00:00\",\"dateModified\":\"2023-11-29T11:50:59+00:00\",\"breadcrumb\":{\"@id\":\"https:\\\/\\\/www.meet-in-alsace.com\\\/en\\\/des-scientifiques-de-renommee-internationale-a-strasbourg-pour-le-congres-franco-allemand-dimmunologie\\\/#breadcrumb\"},\"inLanguage\":\"en-US\",\"potentialAction\":[{\"@type\":\"ReadAction\",\"target\":[\"https:\\\/\\\/www.meet-in-alsace.com\\\/en\\\/des-scientifiques-de-renommee-internationale-a-strasbourg-pour-le-congres-franco-allemand-dimmunologie\\\/\"]}]},{\"@type\":\"ImageObject\",\"inLanguage\":\"en-US\",\"@id\":\"https:\\\/\\\/www.meet-in-alsace.com\\\/en\\\/des-scientifiques-de-renommee-internationale-a-strasbourg-pour-le-congres-franco-allemand-dimmunologie\\\/#primaryimage\",\"url\":\"https:\\\/\\\/www.meet-in-alsace.com\\\/wp-content\\\/uploads\\\/2023\\\/11\\\/Strasbourg-SFI-palais-congres-1.jpg\",\"contentUrl\":\"https:\\\/\\\/www.meet-in-alsace.com\\\/wp-content\\\/uploads\\\/2023\\\/11\\\/Strasbourg-SFI-palais-congres-1.jpg\",\"width\":1000,\"height\":600},{\"@type\":\"BreadcrumbList\",\"@id\":\"https:\\\/\\\/www.meet-in-alsace.com\\\/en\\\/des-scientifiques-de-renommee-internationale-a-strasbourg-pour-le-congres-franco-allemand-dimmunologie\\\/#breadcrumb\",\"itemListElement\":[{\"@type\":\"ListItem\",\"position\":1,\"name\":\"Meet In Alsace\",\"item\":\"https:\\\/\\\/www.meet-in-alsace.com\\\/en\\\/\"},{\"@type\":\"ListItem\",\"position\":2,\"name\":\"Internationally renowned scientists in Strasbourg for the Franco-German immunology joint meeting\"}]},{\"@type\":\"WebSite\",\"@id\":\"https:\\\/\\\/www.meet-in-alsace.com\\\/de\\\/#website\",\"url\":\"https:\\\/\\\/www.meet-in-alsace.com\\\/de\\\/\",\"name\":\"Meet in Alsace\",\"description\":\"Your next destination for congress and seminar\\r\\n\",\"publisher\":{\"@id\":\"https:\\\/\\\/www.meet-in-alsace.com\\\/de\\\/#organization\"},\"potentialAction\":[{\"@type\":\"SearchAction\",\"target\":{\"@type\":\"EntryPoint\",\"urlTemplate\":\"https:\\\/\\\/www.meet-in-alsace.com\\\/de\\\/?s={search_term_string}\"},\"query-input\":{\"@type\":\"PropertyValueSpecification\",\"valueRequired\":true,\"valueName\":\"search_term_string\"}}],\"inLanguage\":\"en-US\"},{\"@type\":\"Organization\",\"@id\":\"https:\\\/\\\/www.meet-in-alsace.com\\\/de\\\/#organization\",\"name\":\"Meet in Alsace\",\"url\":\"https:\\\/\\\/www.meet-in-alsace.com\\\/de\\\/\",\"logo\":{\"@type\":\"ImageObject\",\"inLanguage\":\"en-US\",\"@id\":\"https:\\\/\\\/www.meet-in-alsace.com\\\/de\\\/#\\\/schema\\\/logo\\\/image\\\/\",\"url\":\"https:\\\/\\\/www.meet-in-alsace.com\\\/wp-content\\\/uploads\\\/2016\\\/09\\\/meet-in-alsace.png\",\"contentUrl\":\"https:\\\/\\\/www.meet-in-alsace.com\\\/wp-content\\\/uploads\\\/2016\\\/09\\\/meet-in-alsace.png\",\"width\":303,\"height\":256,\"caption\":\"Meet in Alsace\"},\"image\":{\"@id\":\"https:\\\/\\\/www.meet-in-alsace.com\\\/de\\\/#\\\/schema\\\/logo\\\/image\\\/\"},\"sameAs\":[\"https:\\\/\\\/www.facebook.com\\\/MeetinAlsace\\\/\",\"https:\\\/\\\/x.com\\\/MeetinAlsace\",\"https:\\\/\\\/www.linkedin.com\\\/company\\\/meet-in-alsace\"]},{\"@type\":\"Person\",\"@id\":\"https:\\\/\\\/www.meet-in-alsace.com\\\/de\\\/#\\\/schema\\\/person\\\/0370b36f67344792337077f90f78874f\",\"name\":\"Isabelle Mainier\",\"image\":{\"@type\":\"ImageObject\",\"inLanguage\":\"en-US\",\"@id\":\"https:\\\/\\\/secure.gravatar.com\\\/avatar\\\/90052828b228a313110d219ccd0dad25088c636cbe31f34341236fc2786f1143?s=96&d=mm&r=g\",\"url\":\"https:\\\/\\\/secure.gravatar.com\\\/avatar\\\/90052828b228a313110d219ccd0dad25088c636cbe31f34341236fc2786f1143?s=96&d=mm&r=g\",\"contentUrl\":\"https:\\\/\\\/secure.gravatar.com\\\/avatar\\\/90052828b228a313110d219ccd0dad25088c636cbe31f34341236fc2786f1143?s=96&d=mm&r=g\",\"caption\":\"Isabelle Mainier\"},\"url\":\"https:\\\/\\\/www.meet-in-alsace.com\\\/en\\\/author\\\/admin-iza\\\/\"}]}<\/script>\n<!-- \/ Yoast SEO plugin. -->","yoast_head_json":{"title":"Internationally renowned scientists in Strasbourg for the Franco-German immunology joint meeting - Meet in Alsace","robots":{"index":"index","follow":"follow","max-snippet":"max-snippet:-1","max-image-preview":"max-image-preview:large","max-video-preview":"max-video-preview:-1"},"canonical":"https:\/\/www.meet-in-alsace.com\/en\/des-scientifiques-de-renommee-internationale-a-strasbourg-pour-le-congres-franco-allemand-dimmunologie\/","og_locale":"en_US","og_type":"article","og_title":"Internationally renowned scientists in Strasbourg for the Franco-German immunology joint meeting - Meet in Alsace","og_description":"We were honoured to host the joint meeting of the Soci\u00e9t\u00e9 Fran\u00e7aise d&#8217;Immunologie (SFI) and the Deutsche Gesellschaft f\u00fcr Immunologie+","og_url":"https:\/\/www.meet-in-alsace.com\/en\/des-scientifiques-de-renommee-internationale-a-strasbourg-pour-le-congres-franco-allemand-dimmunologie\/","og_site_name":"Meet in Alsace","article_publisher":"https:\/\/www.facebook.com\/MeetinAlsace\/","article_published_time":"2023-10-02T11:02:25+00:00","article_modified_time":"2023-11-29T11:50:59+00:00","og_image":[{"width":1000,"height":600,"url":"https:\/\/www.meet-in-alsace.com\/wp-content\/uploads\/2023\/11\/Strasbourg-SFI-palais-congres-1.jpg","type":"image\/jpeg"}],"author":"Isabelle Mainier","twitter_misc":{"Written by":"Isabelle Mainier","Est. reading time":"2 minutes"},"schema":{"@context":"https:\/\/schema.org","@graph":[{"@type":"Article","@id":"https:\/\/www.meet-in-alsace.com\/en\/des-scientifiques-de-renommee-internationale-a-strasbourg-pour-le-congres-franco-allemand-dimmunologie\/#article","isPartOf":{"@id":"https:\/\/www.meet-in-alsace.com\/en\/des-scientifiques-de-renommee-internationale-a-strasbourg-pour-le-congres-franco-allemand-dimmunologie\/"},"author":{"name":"Isabelle Mainier","@id":"https:\/\/www.meet-in-alsace.com\/de\/#\/schema\/person\/0370b36f67344792337077f90f78874f"},"headline":"Internationally renowned scientists in Strasbourg for the Franco-German immunology joint meeting","datePublished":"2023-10-02T11:02:25+00:00","dateModified":"2023-11-29T11:50:59+00:00","mainEntityOfPage":{"@id":"https:\/\/www.meet-in-alsace.com\/en\/des-scientifiques-de-renommee-internationale-a-strasbourg-pour-le-congres-franco-allemand-dimmunologie\/"},"wordCount":223,"publisher":{"@id":"https:\/\/www.meet-in-alsace.com\/de\/#organization"},"image":{"@id":"https:\/\/www.meet-in-alsace.com\/en\/des-scientifiques-de-renommee-internationale-a-strasbourg-pour-le-congres-franco-allemand-dimmunologie\/#primaryimage"},"thumbnailUrl":"https:\/\/www.meet-in-alsace.com\/wp-content\/uploads\/2023\/11\/Strasbourg-SFI-palais-congres-1.jpg","articleSection":["Strasbourg"],"inLanguage":"en-US"},{"@type":"WebPage","@id":"https:\/\/www.meet-in-alsace.com\/en\/des-scientifiques-de-renommee-internationale-a-strasbourg-pour-le-congres-franco-allemand-dimmunologie\/","url":"https:\/\/www.meet-in-alsace.com\/en\/des-scientifiques-de-renommee-internationale-a-strasbourg-pour-le-congres-franco-allemand-dimmunologie\/","name":"Internationally renowned scientists in Strasbourg for the Franco-German immunology joint meeting - Meet in Alsace","isPartOf":{"@id":"https:\/\/www.meet-in-alsace.com\/de\/#website"},"primaryImageOfPage":{"@id":"https:\/\/www.meet-in-alsace.com\/en\/des-scientifiques-de-renommee-internationale-a-strasbourg-pour-le-congres-franco-allemand-dimmunologie\/#primaryimage"},"image":{"@id":"https:\/\/www.meet-in-alsace.com\/en\/des-scientifiques-de-renommee-internationale-a-strasbourg-pour-le-congres-franco-allemand-dimmunologie\/#primaryimage"},"thumbnailUrl":"https:\/\/www.meet-in-alsace.com\/wp-content\/uploads\/2023\/11\/Strasbourg-SFI-palais-congres-1.jpg","datePublished":"2023-10-02T11:02:25+00:00","dateModified":"2023-11-29T11:50:59+00:00","breadcrumb":{"@id":"https:\/\/www.meet-in-alsace.com\/en\/des-scientifiques-de-renommee-internationale-a-strasbourg-pour-le-congres-franco-allemand-dimmunologie\/#breadcrumb"},"inLanguage":"en-US","potentialAction":[{"@type":"ReadAction","target":["https:\/\/www.meet-in-alsace.com\/en\/des-scientifiques-de-renommee-internationale-a-strasbourg-pour-le-congres-franco-allemand-dimmunologie\/"]}]},{"@type":"ImageObject","inLanguage":"en-US","@id":"https:\/\/www.meet-in-alsace.com\/en\/des-scientifiques-de-renommee-internationale-a-strasbourg-pour-le-congres-franco-allemand-dimmunologie\/#primaryimage","url":"https:\/\/www.meet-in-alsace.com\/wp-content\/uploads\/2023\/11\/Strasbourg-SFI-palais-congres-1.jpg","contentUrl":"https:\/\/www.meet-in-alsace.com\/wp-content\/uploads\/2023\/11\/Strasbourg-SFI-palais-congres-1.jpg","width":1000,"height":600},{"@type":"BreadcrumbList","@id":"https:\/\/www.meet-in-alsace.com\/en\/des-scientifiques-de-renommee-internationale-a-strasbourg-pour-le-congres-franco-allemand-dimmunologie\/#breadcrumb","itemListElement":[{"@type":"ListItem","position":1,"name":"Meet In Alsace","item":"https:\/\/www.meet-in-alsace.com\/en\/"},{"@type":"ListItem","position":2,"name":"Internationally renowned scientists in Strasbourg for the Franco-German immunology joint meeting"}]},{"@type":"WebSite","@id":"https:\/\/www.meet-in-alsace.com\/de\/#website","url":"https:\/\/www.meet-in-alsace.com\/de\/","name":"Meet in Alsace","description":"Your next destination for congress and seminar\r\n","publisher":{"@id":"https:\/\/www.meet-in-alsace.com\/de\/#organization"},"potentialAction":[{"@type":"SearchAction","target":{"@type":"EntryPoint","urlTemplate":"https:\/\/www.meet-in-alsace.com\/de\/?s={search_term_string}"},"query-input":{"@type":"PropertyValueSpecification","valueRequired":true,"valueName":"search_term_string"}}],"inLanguage":"en-US"},{"@type":"Organization","@id":"https:\/\/www.meet-in-alsace.com\/de\/#organization","name":"Meet in Alsace","url":"https:\/\/www.meet-in-alsace.com\/de\/","logo":{"@type":"ImageObject","inLanguage":"en-US","@id":"https:\/\/www.meet-in-alsace.com\/de\/#\/schema\/logo\/image\/","url":"https:\/\/www.meet-in-alsace.com\/wp-content\/uploads\/2016\/09\/meet-in-alsace.png","contentUrl":"https:\/\/www.meet-in-alsace.com\/wp-content\/uploads\/2016\/09\/meet-in-alsace.png","width":303,"height":256,"caption":"Meet in Alsace"},"image":{"@id":"https:\/\/www.meet-in-alsace.com\/de\/#\/schema\/logo\/image\/"},"sameAs":["https:\/\/www.facebook.com\/MeetinAlsace\/","https:\/\/x.com\/MeetinAlsace","https:\/\/www.linkedin.com\/company\/meet-in-alsace"]},{"@type":"Person","@id":"https:\/\/www.meet-in-alsace.com\/de\/#\/schema\/person\/0370b36f67344792337077f90f78874f","name":"Isabelle Mainier","image":{"@type":"ImageObject","inLanguage":"en-US","@id":"https:\/\/secure.gravatar.com\/avatar\/90052828b228a313110d219ccd0dad25088c636cbe31f34341236fc2786f1143?s=96&d=mm&r=g","url":"https:\/\/secure.gravatar.com\/avatar\/90052828b228a313110d219ccd0dad25088c636cbe31f34341236fc2786f1143?s=96&d=mm&r=g","contentUrl":"https:\/\/secure.gravatar.com\/avatar\/90052828b228a313110d219ccd0dad25088c636cbe31f34341236fc2786f1143?s=96&d=mm&r=g","caption":"Isabelle Mainier"},"url":"https:\/\/www.meet-in-alsace.com\/en\/author\/admin-iza\/"}]}},"_links":{"self":[{"href":"https:\/\/www.meet-in-alsace.com\/en\/wp-json\/wp\/v2\/posts\/10430","targetHints":{"allow":["GET"]}}],"collection":[{"href":"https:\/\/www.meet-in-alsace.com\/en\/wp-json\/wp\/v2\/posts"}],"about":[{"href":"https:\/\/www.meet-in-alsace.com\/en\/wp-json\/wp\/v2\/types\/post"}],"author":[{"embeddable":true,"href":"https:\/\/www.meet-in-alsace.com\/en\/wp-json\/wp\/v2\/users\/15"}],"replies":[{"embeddable":true,"href":"https:\/\/www.meet-in-alsace.com\/en\/wp-json\/wp\/v2\/comments?post=10430"}],"version-history":[{"count":0,"href":"https:\/\/www.meet-in-alsace.com\/en\/wp-json\/wp\/v2\/posts\/10430\/revisions"}],"wp:featuredmedia":[{"embeddable":true,"href":"https:\/\/www.meet-in-alsace.com\/en\/wp-json\/wp\/v2\/media\/10266"}],"wp:attachment":[{"href":"https:\/\/www.meet-in-alsace.com\/en\/wp-json\/wp\/v2\/media?parent=10430"}],"wp:term":[{"taxonomy":"category","embeddable":true,"href":"https:\/\/www.meet-in-alsace.com\/en\/wp-json\/wp\/v2\/categories?post=10430"},{"taxonomy":"post_tag","embeddable":true,"href":"https:\/\/www.meet-in-alsace.com\/en\/wp-json\/wp\/v2\/tags?post=10430"}],"curies":[{"name":"wp","href":"https:\/\/api.w.org\/{rel}","templated":true}]}}